{"id":36380,"date":"2017-06-22T11:42:30","date_gmt":"2017-06-22T09:42:30","guid":{"rendered":"http:\/\/zjarr.tv\/?p=36380"},"modified":"2017-06-22T11:43:20","modified_gmt":"2017-06-22T09:43:20","slug":"asgjesohen-336-bime-kanabis-ne-pranga-2-persona","status":"publish","type":"post","link":"https:\/\/zjarr.tv\/en\/asgjesohen-336-bime-kanabis-ne-pranga-2-persona\/","title":{"rendered":"Asgj\u00ebsohen 336 bim\u00eb kanabis, n\u00eb pranga 2 persona"},"content":{"rendered":"<p>Policia e Vlor\u00ebs ka sekuestruar 336 bim\u00eb kanabis sativa dhe ka arrestuar 2 persona.<\/p>\n<p>Operacioni i antidrog\u00ebs \u00ebsht\u00eb zhvilluar n\u00eb zon\u00ebn e Himar\u00ebs dhe Selenic\u00ebs, n\u00eb fshatrat Ku\u00e7 dhe Bolen\u00eb.<\/p>\n<p>T\u00eb arrestuarit jan\u00eb\u00a0Diftir Ngucaj, 39 vje\u00e7 dhe Zenel Aliaj, 49 vje\u00e7.<\/p>\n<p>Sipas njoftimit t\u00eb policis\u00eb, gjat\u00eb kontrollit t\u00eb ushtruar n\u00eb fshatin Ku\u00e7, n\u00eb vendin e quajtur \u201cHasanmuko\u201d n\u00eb af\u00ebrsi t\u00eb banes\u00ebs s\u00eb shtetasit Diftir Ngucaj, policia ka konstatuar rreth 221 rr\u00ebnj\u00eb bim\u00eb narkotike t\u00eb llojit Cannabis Sattiva. Lidhur me k\u00ebt\u00eb ngjarje \u00ebsht\u00eb arrestuar\u00a0Diftir Ngucaj.<\/p>\n<p>Gjat\u00eb kontrollit t\u00eb ushtruar n\u00eb fshatin Bolen\u00eb, n\u00eb vendin e quajtur \u201cMaja e varrit\u201d, rreth truallit t\u00eb banes\u00ebs s\u00eb shtetasit Zenel Aliaj, u gjet\u00ebn t\u00eb kultivuara 65 bim\u00eb narkotike t\u00eb llojit Cannabis Sattiva dhe ka arrestuar\u00a0 Zenel Aliajn.<\/p>\n<p>Gjithashtu, gjat\u00eb kontrollit t\u00eb ushtruar n\u00eb fshatin Drashovic\u00eb, sh\u00ebrbimet e policis\u00eb kan\u00eb gjetur t\u00eb mbjella n\u00eb tok\u00eb publike pran\u00eb vendit t\u00eb quajtur \u201cLl\u00ebnga\u201d, nj\u00eb parcel\u00eb me 50 bim\u00eb t\u00eb llojit Cannabis Sativa, me gjat\u00ebsi deri n\u00eb 80 cm.<\/p>\n<p>Asgj\u00ebsimi i bim\u00ebve narkotike \u00ebsht\u00eb b\u00ebr\u00eb me an\u00eb t\u00eb djegies.<\/p>\n<p>Materialet i kaluan Prokuroris\u00eb\u00a0 p\u00ebr vepr\u00ebn penale\u2019Kultivimi i bim\u00ebve narkotike\u2019.<\/p>\n<p><a href=\"http:\/\/zjarr.tv\/en\/asgjesohen-336-bime-kanabis-ne-pranga-2-persona\/kanabis-parcela-5-1-1-300x190\/\" rel=\"attachment wp-att-36382\"><img loading=\"lazy\" decoding=\"async\" class=\"alignnone size-full wp-image-36382\" src=\"http:\/\/zjarr.tv\/wp-content\/uploads\/2017\/06\/kanabis-parcela-5-1-1-300x190.jpg\" alt=\"\" width=\"300\" height=\"190\" \/><\/a><\/p>","protected":false},"excerpt":{"rendered":"<p>Policia e Vlor\u00ebs ka sekuestruar 336 bim\u00eb kanabis sativa dhe ka arrestuar 2 persona. Operacioni i antidrog\u00ebs \u00ebsht\u00eb zhvilluar n\u00eb zon\u00ebn e Himar\u00ebs dhe Selenic\u00ebs, n\u00eb fshatrat Ku\u00e7 dhe Bolen\u00eb. T\u00eb arrestuarit jan\u00eb\u00a0Diftir Ngucaj, 39 vje\u00e7 dhe Zenel Aliaj, 49 vje\u00e7. Sipas njoftimit t\u00eb policis\u00eb, gjat\u00eb kontrollit t\u00eb ushtruar n\u00eb fshatin Ku\u00e7, n\u00eb vendin e [&hellip;]<\/p>\n","protected":false},"author":2044,"featured_media":0,"comment_status":"closed","ping_status":"closed","sticky":false,"template":"","format":"standard","meta":{"footnotes":""},"categories":[198,241,231,235],"tags":[],"class_list":{"0":"post-36380","1":"post","2":"type-post","3":"status-publish","4":"format-standard","6":"category-360-grade","7":"category-aktualitet","8":"category-lajme","9":"category-vendi"},"_links":{"self":[{"href":"https:\/\/zjarr.tv\/en\/wp-json\/wp\/v2\/posts\/36380","targetHints":{"allow":["GET"]}}],"collection":[{"href":"https:\/\/zjarr.tv\/en\/wp-json\/wp\/v2\/posts"}],"about":[{"href":"https:\/\/zjarr.tv\/en\/wp-json\/wp\/v2\/types\/post"}],"author":[{"embeddable":true,"href":"https:\/\/zjarr.tv\/en\/wp-json\/wp\/v2\/users\/2044"}],"replies":[{"embeddable":true,"href":"https:\/\/zjarr.tv\/en\/wp-json\/wp\/v2\/comments?post=36380"}],"version-history":[{"count":0,"href":"https:\/\/zjarr.tv\/en\/wp-json\/wp\/v2\/posts\/36380\/revisions"}],"wp:attachment":[{"href":"https:\/\/zjarr.tv\/en\/wp-json\/wp\/v2\/media?parent=36380"}],"wp:term":[{"taxonomy":"category","embeddable":true,"href":"https:\/\/zjarr.tv\/en\/wp-json\/wp\/v2\/categories?post=36380"},{"taxonomy":"post_tag","embeddable":true,"href":"https:\/\/zjarr.tv\/en\/wp-json\/wp\/v2\/tags?post=36380"}],"curies":[{"name":"wp","href":"https:\/\/api.w.org\/{rel}","templated":true}]}}