{"id":37226,"date":"2017-09-04T13:55:03","date_gmt":"2017-09-04T11:55:03","guid":{"rendered":"http:\/\/zjarr.tv\/?p=37226"},"modified":"2017-09-04T13:55:03","modified_gmt":"2017-09-04T11:55:03","slug":"ne-pranga-2-shtetas-iu-gjet-15-kg-droge-ne-makine","status":"publish","type":"post","link":"https:\/\/zjarr.tv\/en\/ne-pranga-2-shtetas-iu-gjet-15-kg-droge-ne-makine\/","title":{"rendered":"N\u00eb pranga 2 shtetas, iu gjet 15 kg drog\u00eb n\u00eb makin\u00eb"},"content":{"rendered":"<p>Policia ka v\u00ebn\u00eb n\u00eb pranga dy shtetas\u00a0gjat\u00eb operacionit t\u00eb antidrog\u00ebs t\u00eb koduar \u201cMiloti\u201d.<\/p>\n<p>Gjat\u00eb operacionit sh\u00ebrbimet policore zbuluan dhe \u00a0sekuestruan 15 kg l\u00ebnd\u00eb narkotike marjuan\u00eb.<\/p>\n<p>B\u00ebhet me dije se t\u00eb arrestuarit jan\u00eb Alfred Lleshaj, 29 vje\u00e7 dhe Shkelzen Lleshaj, 38 vje\u00e7, t\u00eb dy banues n\u00eb fshatin Gallat\u00eb, Kurbin.<\/p>\n<p>Arrestimi i tyre u b\u00eb i mundur dit\u00ebn e diel n\u00eb vendin e quajtur Ferr Shkopet, Milot.<\/p>\n<p>N\u00eb bagazhin e mjetit tip Benz, u gjet\u00ebn dhe sekuestruan 15 kg l\u00ebnd\u00eb narkotike e dyshuar Marijuan\u00eb.<\/p>\n<p>Gjithashtu, n\u00eb cil\u00ebsin\u00eb e proves materiale u sekuestrua edhe mjeti\u00a0 i tyr<em>e.<\/em><\/p>\n<p>Materialet i kaluan Prokuroris\u00eb p\u00ebr hetime t\u00eb m\u00ebtejshme.<\/p>","protected":false},"excerpt":{"rendered":"<p>Policia ka v\u00ebn\u00eb n\u00eb pranga dy shtetas\u00a0gjat\u00eb operacionit t\u00eb antidrog\u00ebs t\u00eb koduar \u201cMiloti\u201d. Gjat\u00eb operacionit sh\u00ebrbimet policore zbuluan dhe \u00a0sekuestruan 15 kg l\u00ebnd\u00eb narkotike marjuan\u00eb. B\u00ebhet me dije se t\u00eb arrestuarit jan\u00eb Alfred Lleshaj, 29 vje\u00e7 dhe Shkelzen Lleshaj, 38 vje\u00e7, t\u00eb dy banues n\u00eb fshatin Gallat\u00eb, Kurbin. Arrestimi i tyre u b\u00eb i mundur [&hellip;]<\/p>\n","protected":false},"author":2044,"featured_media":0,"comment_status":"closed","ping_status":"closed","sticky":false,"template":"","format":"standard","meta":{"footnotes":""},"categories":[198,241,231,235],"tags":[],"class_list":{"0":"post-37226","1":"post","2":"type-post","3":"status-publish","4":"format-standard","6":"category-360-grade","7":"category-aktualitet","8":"category-lajme","9":"category-vendi"},"_links":{"self":[{"href":"https:\/\/zjarr.tv\/en\/wp-json\/wp\/v2\/posts\/37226","targetHints":{"allow":["GET"]}}],"collection":[{"href":"https:\/\/zjarr.tv\/en\/wp-json\/wp\/v2\/posts"}],"about":[{"href":"https:\/\/zjarr.tv\/en\/wp-json\/wp\/v2\/types\/post"}],"author":[{"embeddable":true,"href":"https:\/\/zjarr.tv\/en\/wp-json\/wp\/v2\/users\/2044"}],"replies":[{"embeddable":true,"href":"https:\/\/zjarr.tv\/en\/wp-json\/wp\/v2\/comments?post=37226"}],"version-history":[{"count":0,"href":"https:\/\/zjarr.tv\/en\/wp-json\/wp\/v2\/posts\/37226\/revisions"}],"wp:attachment":[{"href":"https:\/\/zjarr.tv\/en\/wp-json\/wp\/v2\/media?parent=37226"}],"wp:term":[{"taxonomy":"category","embeddable":true,"href":"https:\/\/zjarr.tv\/en\/wp-json\/wp\/v2\/categories?post=37226"},{"taxonomy":"post_tag","embeddable":true,"href":"https:\/\/zjarr.tv\/en\/wp-json\/wp\/v2\/tags?post=37226"}],"curies":[{"name":"wp","href":"https:\/\/api.w.org\/{rel}","templated":true}]}}