{"id":38169,"date":"2017-12-20T14:22:35","date_gmt":"2017-12-20T12:22:35","guid":{"rendered":"http:\/\/zjarr.tv\/?p=38169"},"modified":"2017-12-20T14:22:35","modified_gmt":"2017-12-20T12:22:35","slug":"ngritja-e-klp-se-shkojne-ne-kuvend-emrat-e-4-kandidateve-te-shoqerise-civile","status":"publish","type":"post","link":"https:\/\/zjarr.tv\/en\/ngritja-e-klp-se-shkojne-ne-kuvend-emrat-e-4-kandidateve-te-shoqerise-civile\/","title":{"rendered":"Ngritja e KLP-s\u00eb, shkojn\u00eb n\u00eb Kuvend emrat e 4 kandidat\u00ebve t\u00eb Shoq\u00ebris\u00eb Civile"},"content":{"rendered":"<p>Pas d\u00ebgjimit t\u00eb 4 kandidat\u00ebve t\u00eb Shoq\u00ebris\u00eb Civile, Avokati i Popullit ia ka p\u00ebrcjell\u00eb Kuvendit emrat e tyre, nj\u00ebri prej t\u00eb cil\u00ebve pritet t\u00eb jet\u00eb an\u00ebtari i K\u00ebshillit t\u00eb Lart\u00eb t\u00eb Prokuroris\u00eb.<\/p>\n<p>Andi Murataj, Mimoza Cinami, Alfred Balla dhe Entela Baci jan\u00eb emrat e kandidat\u00ebve q\u00eb konkurrojn\u00eb p\u00ebr nj\u00eb vend n\u00eb KLP, organ nga i cili duhet t\u00eb zgjidhej Kryeprokurori i p\u00ebrgjithsh\u00ebm.<\/p>\n<p>KLP-ja\u00a0duhet t\u00eb ishte ngritur q\u00eb n\u00eb muajin prill, por situata u bllokua prej Shoq\u00ebris\u00eb Civile, q\u00eb nuk paraqiti asnj\u00eb kandidat.<\/p>","protected":false},"excerpt":{"rendered":"<p>Pas d\u00ebgjimit t\u00eb 4 kandidat\u00ebve t\u00eb Shoq\u00ebris\u00eb Civile, Avokati i Popullit ia ka p\u00ebrcjell\u00eb Kuvendit emrat e tyre, nj\u00ebri prej t\u00eb cil\u00ebve pritet t\u00eb jet\u00eb an\u00ebtari i K\u00ebshillit t\u00eb Lart\u00eb t\u00eb Prokuroris\u00eb. Andi Murataj, Mimoza Cinami, Alfred Balla dhe Entela Baci jan\u00eb emrat e kandidat\u00ebve q\u00eb konkurrojn\u00eb p\u00ebr nj\u00eb vend n\u00eb KLP, organ nga i [&hellip;]<\/p>\n","protected":false},"author":2044,"featured_media":0,"comment_status":"closed","ping_status":"closed","sticky":false,"template":"","format":"standard","meta":{"footnotes":""},"categories":[198,241,231,235],"tags":[],"class_list":{"0":"post-38169","1":"post","2":"type-post","3":"status-publish","4":"format-standard","6":"category-360-grade","7":"category-aktualitet","8":"category-lajme","9":"category-vendi"},"_links":{"self":[{"href":"https:\/\/zjarr.tv\/en\/wp-json\/wp\/v2\/posts\/38169","targetHints":{"allow":["GET"]}}],"collection":[{"href":"https:\/\/zjarr.tv\/en\/wp-json\/wp\/v2\/posts"}],"about":[{"href":"https:\/\/zjarr.tv\/en\/wp-json\/wp\/v2\/types\/post"}],"author":[{"embeddable":true,"href":"https:\/\/zjarr.tv\/en\/wp-json\/wp\/v2\/users\/2044"}],"replies":[{"embeddable":true,"href":"https:\/\/zjarr.tv\/en\/wp-json\/wp\/v2\/comments?post=38169"}],"version-history":[{"count":0,"href":"https:\/\/zjarr.tv\/en\/wp-json\/wp\/v2\/posts\/38169\/revisions"}],"wp:attachment":[{"href":"https:\/\/zjarr.tv\/en\/wp-json\/wp\/v2\/media?parent=38169"}],"wp:term":[{"taxonomy":"category","embeddable":true,"href":"https:\/\/zjarr.tv\/en\/wp-json\/wp\/v2\/categories?post=38169"},{"taxonomy":"post_tag","embeddable":true,"href":"https:\/\/zjarr.tv\/en\/wp-json\/wp\/v2\/tags?post=38169"}],"curies":[{"name":"wp","href":"https:\/\/api.w.org\/{rel}","templated":true}]}}