{"id":38215,"date":"2017-12-23T18:54:03","date_gmt":"2017-12-23T16:54:03","guid":{"rendered":"http:\/\/zjarr.tv\/?p=38215"},"modified":"2017-12-23T18:54:03","modified_gmt":"2017-12-23T16:54:03","slug":"aksident-ne-rrugen-korce-pogradec-plagoset-gruaja-me-djalin-10-vjec","status":"publish","type":"post","link":"https:\/\/zjarr.tv\/en\/aksident-ne-rrugen-korce-pogradec-plagoset-gruaja-me-djalin-10-vjec\/","title":{"rendered":"Aksident n\u00eb rrug\u00ebn Kor\u00e7\u00eb-Pogradec, plagoset gruaja me djalin 10-vje\u00e7"},"content":{"rendered":"<p>&nbsp;<\/p>\n<p>Nj\u00eb aksident i r\u00ebnd\u00eb ka ndodhur n\u00eb aksin rrugor Kor\u00e7\u00eb-Pogradec, ku p\u00ebr pasoj\u00eb jan\u00eb plagosur tre persona.<\/p>\n<p>Burime paraprake, b\u00ebjn\u00eb m\u00eb dije se mjeti tip \u201cVolks\u00ebagen\u201d me targa KO 5929B, me drejtues shtetasin A.F, 31 vje\u00e7, banues n\u00eb fshatin Kaka\u00e7, ka aksidentuar dy shtetas, t\u00eb cil\u00ebt kan\u00eb qen\u00eb k\u00ebmb\u00ebsor\u00eb n\u00eb rrug\u00eb.<\/p>\n<p>P\u00ebr pasoj\u00eb ka marr\u00eb d\u00ebmtime edhe drejtuesi i mjetit, i cili s\u00eb bashku me dy t\u00eb d\u00ebmtuarit e tjer\u00eb konkretisht shtetasen A.K, 43 vje\u00e7e dhe shtetasin A.V, rreth 10 vje\u00e7, jan\u00eb transportuar n\u00eb Spitalin e Kor\u00e7\u00ebs, ku ndodhen n\u00ebn kujdesin intensiv t\u00eb mjek\u00ebve.<\/p>\n<p>Grupi hetimor po punon p\u00ebr t\u00eb p\u00ebrcaktuar shkaqet e aksidentit.<\/p>","protected":false},"excerpt":{"rendered":"<p>&nbsp; Nj\u00eb aksident i r\u00ebnd\u00eb ka ndodhur n\u00eb aksin rrugor Kor\u00e7\u00eb-Pogradec, ku p\u00ebr pasoj\u00eb jan\u00eb plagosur tre persona. Burime paraprake, b\u00ebjn\u00eb m\u00eb dije se mjeti tip \u201cVolks\u00ebagen\u201d me targa KO 5929B, me drejtues shtetasin A.F, 31 vje\u00e7, banues n\u00eb fshatin Kaka\u00e7, ka aksidentuar dy shtetas, t\u00eb cil\u00ebt kan\u00eb qen\u00eb k\u00ebmb\u00ebsor\u00eb n\u00eb rrug\u00eb. P\u00ebr pasoj\u00eb ka [&hellip;]<\/p>\n","protected":false},"author":2044,"featured_media":0,"comment_status":"closed","ping_status":"closed","sticky":false,"template":"","format":"standard","meta":{"footnotes":""},"categories":[198,241,231,235],"tags":[],"class_list":{"0":"post-38215","1":"post","2":"type-post","3":"status-publish","4":"format-standard","6":"category-360-grade","7":"category-aktualitet","8":"category-lajme","9":"category-vendi"},"_links":{"self":[{"href":"https:\/\/zjarr.tv\/en\/wp-json\/wp\/v2\/posts\/38215","targetHints":{"allow":["GET"]}}],"collection":[{"href":"https:\/\/zjarr.tv\/en\/wp-json\/wp\/v2\/posts"}],"about":[{"href":"https:\/\/zjarr.tv\/en\/wp-json\/wp\/v2\/types\/post"}],"author":[{"embeddable":true,"href":"https:\/\/zjarr.tv\/en\/wp-json\/wp\/v2\/users\/2044"}],"replies":[{"embeddable":true,"href":"https:\/\/zjarr.tv\/en\/wp-json\/wp\/v2\/comments?post=38215"}],"version-history":[{"count":0,"href":"https:\/\/zjarr.tv\/en\/wp-json\/wp\/v2\/posts\/38215\/revisions"}],"wp:attachment":[{"href":"https:\/\/zjarr.tv\/en\/wp-json\/wp\/v2\/media?parent=38215"}],"wp:term":[{"taxonomy":"category","embeddable":true,"href":"https:\/\/zjarr.tv\/en\/wp-json\/wp\/v2\/categories?post=38215"},{"taxonomy":"post_tag","embeddable":true,"href":"https:\/\/zjarr.tv\/en\/wp-json\/wp\/v2\/tags?post=38215"}],"curies":[{"name":"wp","href":"https:\/\/api.w.org\/{rel}","templated":true}]}}