{"id":38265,"date":"2017-12-26T14:50:52","date_gmt":"2017-12-26T12:50:52","guid":{"rendered":"http:\/\/zjarr.tv\/?p=38265"},"modified":"2017-12-26T14:51:16","modified_gmt":"2017-12-26T12:51:16","slug":"prezantohet-drejtori-i-ri-i-aluizni-t-ne-durres-gjuzi-i-le-stafeten-isakut","status":"publish","type":"post","link":"https:\/\/zjarr.tv\/en\/prezantohet-drejtori-i-ri-i-aluizni-t-ne-durres-gjuzi-i-le-stafeten-isakut\/","title":{"rendered":"Prezantohet drejtori i ri i Aluizni-t n\u00eb Durr\u00ebs, Gjuzi i l\u00eb stafet\u00ebn Isakut"},"content":{"rendered":"<p>Arben Isaku do t\u00eb jet\u00eb jet\u00eb kreu i nj\u00eb prej institucioneve m\u00eb t\u00eb r\u00ebnd\u00ebsishme t\u00eb qytetit t\u00eb Durr\u00ebsit, ALUIZNI-t.<\/p>\n<p>Ish-drejtori i k\u00ebtij institucioni, Flamur Gjuzi i ka dor\u00ebzuar stafet\u00ebn Isakut mesdit\u00ebn e sotme.<\/p>\n<p>Arben Isaku ishte sekretari organizativ i PS-s\u00eb Durr\u00ebsit, nd\u00ebrsa ka mbajtur gjat\u00eb k\u00ebsaj periudhe edhe detyr\u00ebn e shefit t\u00eb kabinetit n\u00eb institucionin e K\u00ebshillit t\u00eb Qarkut.<a href=\"http:\/\/zjarr.tv\/en\/prezantohet-drejtori-i-ri-i-aluizni-t-ne-durres-gjuzi-i-le-stafeten-isakut\/beni\/\" rel=\"attachment wp-att-38266\"><img loading=\"lazy\" decoding=\"async\" class=\"alignnone size-full wp-image-38266\" src=\"http:\/\/zjarr.tv\/wp-content\/uploads\/2017\/12\/beni.jpg\" alt=\"\" width=\"200\" height=\"200\" \/><\/a><\/p>","protected":false},"excerpt":{"rendered":"<p>Arben Isaku do t\u00eb jet\u00eb jet\u00eb kreu i nj\u00eb prej institucioneve m\u00eb t\u00eb r\u00ebnd\u00ebsishme t\u00eb qytetit t\u00eb Durr\u00ebsit, ALUIZNI-t. Ish-drejtori i k\u00ebtij institucioni, Flamur Gjuzi i ka dor\u00ebzuar stafet\u00ebn Isakut mesdit\u00ebn e sotme. Arben Isaku ishte sekretari organizativ i PS-s\u00eb Durr\u00ebsit, nd\u00ebrsa ka mbajtur gjat\u00eb k\u00ebsaj periudhe edhe detyr\u00ebn e shefit t\u00eb kabinetit n\u00eb institucionin [&hellip;]<\/p>\n","protected":false},"author":2044,"featured_media":0,"comment_status":"closed","ping_status":"closed","sticky":false,"template":"","format":"standard","meta":{"footnotes":""},"categories":[198,241,231,235],"tags":[],"class_list":{"0":"post-38265","1":"post","2":"type-post","3":"status-publish","4":"format-standard","6":"category-360-grade","7":"category-aktualitet","8":"category-lajme","9":"category-vendi"},"_links":{"self":[{"href":"https:\/\/zjarr.tv\/en\/wp-json\/wp\/v2\/posts\/38265","targetHints":{"allow":["GET"]}}],"collection":[{"href":"https:\/\/zjarr.tv\/en\/wp-json\/wp\/v2\/posts"}],"about":[{"href":"https:\/\/zjarr.tv\/en\/wp-json\/wp\/v2\/types\/post"}],"author":[{"embeddable":true,"href":"https:\/\/zjarr.tv\/en\/wp-json\/wp\/v2\/users\/2044"}],"replies":[{"embeddable":true,"href":"https:\/\/zjarr.tv\/en\/wp-json\/wp\/v2\/comments?post=38265"}],"version-history":[{"count":0,"href":"https:\/\/zjarr.tv\/en\/wp-json\/wp\/v2\/posts\/38265\/revisions"}],"wp:attachment":[{"href":"https:\/\/zjarr.tv\/en\/wp-json\/wp\/v2\/media?parent=38265"}],"wp:term":[{"taxonomy":"category","embeddable":true,"href":"https:\/\/zjarr.tv\/en\/wp-json\/wp\/v2\/categories?post=38265"},{"taxonomy":"post_tag","embeddable":true,"href":"https:\/\/zjarr.tv\/en\/wp-json\/wp\/v2\/tags?post=38265"}],"curies":[{"name":"wp","href":"https:\/\/api.w.org\/{rel}","templated":true}]}}