{"id":38273,"date":"2017-12-26T16:39:08","date_gmt":"2017-12-26T14:39:08","guid":{"rendered":"http:\/\/zjarr.tv\/?p=38273"},"modified":"2017-12-26T15:40:18","modified_gmt":"2017-12-26T13:40:18","slug":"tahiri-te-krimet-e-renda-kerkon-zhbllokimin-e-pasaportes","status":"publish","type":"post","link":"https:\/\/zjarr.tv\/en\/tahiri-te-krimet-e-renda-kerkon-zhbllokimin-e-pasaportes\/","title":{"rendered":"Tahiri te Krimet e R\u00ebnda, k\u00ebrkon zhbllokimin e pasaport\u00ebs"},"content":{"rendered":"<p>Ish-ministri i Brendsh\u00ebm, Tahiri, \u00ebsht\u00eb paraqitur sot n\u00eb Gjykat\u00ebn e Krimeve t\u00eb R\u00ebnda, p\u00ebr t\u00eb apeluar vendimin p\u00ebr bllokimin e pasaport\u00ebs, gj\u00eb q\u00eb e pengon t\u00eb dal\u00eb jasht\u00eb vendit.<\/p>\n<p>Ai shoq\u00ebrohet nga avokati i tijk Maks Haxhia.<\/p>\n<p>Pak dit\u00eb m\u00eb par\u00eb Tahiri ishte s\u00ebrish te Krimet e R\u00ebnda ku deklaroi se gjykata nuk kishte pasur asnj\u00eb prov\u00eb t\u00eb re ndaj tij p\u00ebr t\u2019i bllokuar pasaport\u00ebn.<\/p>\n<p>T\u00eb nj\u00ebjt\u00ebn gj\u00eb ka deklaruar edhe avokati Haxhia, i cili n\u00eb deklaratat p\u00ebr mediat ka th\u00ebn\u00eb se vendimi i gjykat\u00ebs ishte i paargumentuar, pasi ajo nuk kishte asnj\u00eb prov\u00eb t\u00eb re ndaj klientit t\u00eb tij.<\/p>","protected":false},"excerpt":{"rendered":"<p>Ish-ministri i Brendsh\u00ebm, Tahiri, \u00ebsht\u00eb paraqitur sot n\u00eb Gjykat\u00ebn e Krimeve t\u00eb R\u00ebnda, p\u00ebr t\u00eb apeluar vendimin p\u00ebr bllokimin e pasaport\u00ebs, gj\u00eb q\u00eb e pengon t\u00eb dal\u00eb jasht\u00eb vendit. Ai shoq\u00ebrohet nga avokati i tijk Maks Haxhia. Pak dit\u00eb m\u00eb par\u00eb Tahiri ishte s\u00ebrish te Krimet e R\u00ebnda ku deklaroi se gjykata nuk kishte pasur [&hellip;]<\/p>\n","protected":false},"author":2044,"featured_media":0,"comment_status":"closed","ping_status":"closed","sticky":false,"template":"","format":"standard","meta":{"footnotes":""},"categories":[198,241,231,235],"tags":[],"class_list":{"0":"post-38273","1":"post","2":"type-post","3":"status-publish","4":"format-standard","6":"category-360-grade","7":"category-aktualitet","8":"category-lajme","9":"category-vendi"},"_links":{"self":[{"href":"https:\/\/zjarr.tv\/en\/wp-json\/wp\/v2\/posts\/38273","targetHints":{"allow":["GET"]}}],"collection":[{"href":"https:\/\/zjarr.tv\/en\/wp-json\/wp\/v2\/posts"}],"about":[{"href":"https:\/\/zjarr.tv\/en\/wp-json\/wp\/v2\/types\/post"}],"author":[{"embeddable":true,"href":"https:\/\/zjarr.tv\/en\/wp-json\/wp\/v2\/users\/2044"}],"replies":[{"embeddable":true,"href":"https:\/\/zjarr.tv\/en\/wp-json\/wp\/v2\/comments?post=38273"}],"version-history":[{"count":0,"href":"https:\/\/zjarr.tv\/en\/wp-json\/wp\/v2\/posts\/38273\/revisions"}],"wp:attachment":[{"href":"https:\/\/zjarr.tv\/en\/wp-json\/wp\/v2\/media?parent=38273"}],"wp:term":[{"taxonomy":"category","embeddable":true,"href":"https:\/\/zjarr.tv\/en\/wp-json\/wp\/v2\/categories?post=38273"},{"taxonomy":"post_tag","embeddable":true,"href":"https:\/\/zjarr.tv\/en\/wp-json\/wp\/v2\/tags?post=38273"}],"curies":[{"name":"wp","href":"https:\/\/api.w.org\/{rel}","templated":true}]}}