{"id":38277,"date":"2017-12-27T11:09:43","date_gmt":"2017-12-27T09:09:43","guid":{"rendered":"http:\/\/zjarr.tv\/?p=38277"},"modified":"2017-12-27T11:09:43","modified_gmt":"2017-12-27T09:09:43","slug":"aksident-ne-burrel-perplasen-dy-makina-plagoset-pasagjeri","status":"publish","type":"post","link":"https:\/\/zjarr.tv\/en\/aksident-ne-burrel-perplasen-dy-makina-plagoset-pasagjeri\/","title":{"rendered":"AKSIDENT N\u00cb BURREL, P\u00cbRPLASEN DY MAKINA, PLAGOSET PASAGJERI"},"content":{"rendered":"<div class=\"article-introtext\">\n<p>Nj\u00eb person mbeti i plagosur si pasoj\u00eb e nj\u00eb aksidenti n\u00eb sin rrugor\u00eb Burrel- Skuraj.<\/p>\n<\/div>\n<div class=\"article-fulltext\">\n<p>Sipas policis\u00eb, dy makina jan\u00eb p\u00ebrplasur me nj\u00ebra-tjetrn\u00eb n\u00eb vendin e quajtur \u201cQafa e kongrazhdit\u201d, duke shkaktuar plagosjen e pasagjerit q\u00eb udh\u00ebtonte n\u00eb nj\u00ebr\u00ebn nga makinat e p\u00ebrfshira n\u00eb aksident.<\/p>\n<p>Polciia sqaroi se drejtuesi i \u201cBenzi\u201d q\u00eb shjkaktoi aksidentin ishte i dehur n\u00eb timon, i cili m\u00eb pas u vu n\u00eb pranga.<\/p>\n<p>\u201cNga Specialist\u00ebt p\u00ebr Hetimin e Aksidenteve t\u00eb Policis\u00eb Rrugore, n\u00eb Komisariatin e Policis\u00eb Mat, u arrestua n\u00eb flagranc\u00eb shtetasi Sk\u00ebnder. Gj, 64 vje\u00e7,\u00a0 banues n\u00eb lagjen nr. 11 Durr\u00ebs.<\/p>\n<p>Arrestimi i tij u b\u00eb pasi rreth\u00a0 or\u00ebs 18:00 n\u00eb aksin rrugor\u00eb Burrel- Skuraj n\u00eb vendin e quajtur \u201cQafa e kongrazhdit\u201d duke drejtuar mjetin\u00a0 tip &#8220;benz&#8221; me targa DR 7585 C, n\u00eb ndikimin e alkoolit ka humbur kontrollin dhe \u00ebsht\u00eb p\u00ebrplasur me mjetin tip\u00a0 &#8220;Honda&#8221;,\u00a0 me drejtues shtetasin S.D, 33 vje\u00e7, banues n\u00eb\u00a0 Mat, dhe si pasoj\u00eb ka marr\u00eb d\u00ebmtime t\u00eb lehta pasagjeri P.S, 53 vje\u00e7, banues n\u00eb Mat.<\/p>\n<p>Shtetasit Sk\u00ebnder.Gj, i \u00ebsht\u00eb b\u00ebr\u00eb testi i alkoolit me aparatin Drager, ku ka rezultuar me mas\u00ebn 0.72 mg\/l.<\/p>\n<p>Materialet hetimore i kaluan Prokuroris\u00eb Rrethit Gjyq\u00ebsor Mat, p\u00ebr veprat penale \u201cShkelja e rregullave t\u00eb qarkullimit rrugor\u201d dhe \u201cDrejtimi i mjetit n\u00eb gjendje t\u00eb pa rregullt\u201d, parashikuar nga nenet 290 e 291. t\u00eb Kodit Penal\u201d, sqaron policia.<\/p>\n<\/div>","protected":false},"excerpt":{"rendered":"<p>Nj\u00eb person mbeti i plagosur si pasoj\u00eb e nj\u00eb aksidenti n\u00eb sin rrugor\u00eb Burrel- Skuraj. Sipas policis\u00eb, dy makina jan\u00eb p\u00ebrplasur me nj\u00ebra-tjetrn\u00eb n\u00eb vendin e quajtur \u201cQafa e kongrazhdit\u201d, duke shkaktuar plagosjen e pasagjerit q\u00eb udh\u00ebtonte n\u00eb nj\u00ebr\u00ebn nga makinat e p\u00ebrfshira n\u00eb aksident. Polciia sqaroi se drejtuesi i \u201cBenzi\u201d q\u00eb shjkaktoi aksidentin ishte [&hellip;]<\/p>\n","protected":false},"author":2044,"featured_media":0,"comment_status":"closed","ping_status":"closed","sticky":false,"template":"","format":"standard","meta":{"footnotes":""},"categories":[198,241,231,235],"tags":[],"class_list":{"0":"post-38277","1":"post","2":"type-post","3":"status-publish","4":"format-standard","6":"category-360-grade","7":"category-aktualitet","8":"category-lajme","9":"category-vendi"},"_links":{"self":[{"href":"https:\/\/zjarr.tv\/en\/wp-json\/wp\/v2\/posts\/38277","targetHints":{"allow":["GET"]}}],"collection":[{"href":"https:\/\/zjarr.tv\/en\/wp-json\/wp\/v2\/posts"}],"about":[{"href":"https:\/\/zjarr.tv\/en\/wp-json\/wp\/v2\/types\/post"}],"author":[{"embeddable":true,"href":"https:\/\/zjarr.tv\/en\/wp-json\/wp\/v2\/users\/2044"}],"replies":[{"embeddable":true,"href":"https:\/\/zjarr.tv\/en\/wp-json\/wp\/v2\/comments?post=38277"}],"version-history":[{"count":0,"href":"https:\/\/zjarr.tv\/en\/wp-json\/wp\/v2\/posts\/38277\/revisions"}],"wp:attachment":[{"href":"https:\/\/zjarr.tv\/en\/wp-json\/wp\/v2\/media?parent=38277"}],"wp:term":[{"taxonomy":"category","embeddable":true,"href":"https:\/\/zjarr.tv\/en\/wp-json\/wp\/v2\/categories?post=38277"},{"taxonomy":"post_tag","embeddable":true,"href":"https:\/\/zjarr.tv\/en\/wp-json\/wp\/v2\/tags?post=38277"}],"curies":[{"name":"wp","href":"https:\/\/api.w.org\/{rel}","templated":true}]}}