{"id":38280,"date":"2017-12-27T11:37:30","date_gmt":"2017-12-27T09:37:30","guid":{"rendered":"http:\/\/zjarr.tv\/?p=38280"},"modified":"2017-12-27T11:37:30","modified_gmt":"2017-12-27T09:37:30","slug":"heqja-e-mandateve-te-dy-deputeteve-zbardhet-vendimi-paraprak-i-kqz-ne-mbledhjen-konsulente","status":"publish","type":"post","link":"https:\/\/zjarr.tv\/en\/heqja-e-mandateve-te-dy-deputeteve-zbardhet-vendimi-paraprak-i-kqz-ne-mbledhjen-konsulente\/","title":{"rendered":"HEQJA E MANDATEVE T\u00cb DY DEPUTET\u00cbVE, ZBARDHET VENDIMI PARAPRAK I KQZ N\u00cb MBLEDHJEN KONSULENTE"},"content":{"rendered":"<div class=\"article-introtext\">\n<p>Dy deputet\u00eb e Kuvendit, Aqif Rakipi i PDIU-s\u00eb dhe Gledoin Rehovica i LSI rrezikojn\u00eb mandatin pas nj\u00eb k\u00ebrkese nga Prokuroria e P\u00ebrgjithshme drejtuar KQZ-s\u00eb.<\/p>\n<\/div>\n<div class=\"article-fulltext\">\n<p>Informacione t\u00eb mb\u00ebrritura nga Italia n\u00eb Prokurori theksojn\u00eb se dy deputet\u00ebt kan\u00eb probleme me gjurm\u00ebt e gisht\u00ebrinjve si dhe gjeneralitetet, m\u00eb konkretisht, ndryshimi i emrit, p\u00ebr \u00e7ka edhe dyshohet t\u00eb ken\u00eb g\u00ebnjyer n\u00eb formularin e Vet\u00ebdeklarimit.<\/p>\n<p>Burime nga KQZ than\u00eb p\u00ebr report tv se po zhvillon nj\u00eb mbledhje konsulente lidhur me k\u00ebt\u00eb \u00e7\u00ebshtje. Burime pran\u00eb KQZ b\u00ebn\u00eb t\u00eb ditur se nuk ka ende nj\u00eb dat\u00eb zyrtare p\u00ebr mbledhjen, por do t\u00eb shqyrtohet \u00e7\u00ebshtja e 5 rasteve, deputet\u00ebt Aqif Rakipi dhe Gledion Rehovica, bashk\u00eb me rastet e Mamos, Fufit dhe Kaprit. Pra, KQX do t\u00eb shqyrtoj\u00eb 5 dosjet, si dhe u jep koh\u00eb deputet\u00ebve.<\/p>\n<p>N\u00ebse Komisioni Q\u00ebndror i Zgjedhjeve vendos t\u2019u heq\u00eb mandatin dy deputet\u00ebve ata do t\u00eb z\u00ebvend\u00ebsohen nga t\u00eb dyt\u00ebt n\u00eb list\u00ebn p\u00ebr kandidat\u00eb n\u00eb Elbasan dhe Berat.<\/p>\n<p>P\u00ebrkat\u00ebsisht Aqif Rakipi mund t\u00eb z\u00ebvend\u00ebsohet nga\u00a0Florenca Halili, dhe ko kandidat\u00ebt e tjetr\u00eb meshkuj t\u00eb PDIU-s\u00eb n\u00eb Elbasan. Kjo pasi PDIU nuk e ka respektuar kuot\u00ebn e barazis\u00eb gjinore.<\/p>\n<p>Nd\u00ebrsa deputeti i LSI-s\u00eb n\u00eb Berat, Gledion Rehovica z\u00ebvend\u00ebsohet nga\u00a0Silva Caka, gjithmon\u00eb n\u00ebse KQZ vendos p\u00ebr heqjen e mandatit t\u00eb tij.<\/p>\n<\/div>","protected":false},"excerpt":{"rendered":"<p>Dy deputet\u00eb e Kuvendit, Aqif Rakipi i PDIU-s\u00eb dhe Gledoin Rehovica i LSI rrezikojn\u00eb mandatin pas nj\u00eb k\u00ebrkese nga Prokuroria e P\u00ebrgjithshme drejtuar KQZ-s\u00eb. Informacione t\u00eb mb\u00ebrritura nga Italia n\u00eb Prokurori theksojn\u00eb se dy deputet\u00ebt kan\u00eb probleme me gjurm\u00ebt e gisht\u00ebrinjve si dhe gjeneralitetet, m\u00eb konkretisht, ndryshimi i emrit, p\u00ebr \u00e7ka edhe dyshohet t\u00eb ken\u00eb [&hellip;]<\/p>\n","protected":false},"author":2044,"featured_media":0,"comment_status":"closed","ping_status":"closed","sticky":false,"template":"","format":"standard","meta":{"footnotes":""},"categories":[198,241,231,235],"tags":[],"class_list":{"0":"post-38280","1":"post","2":"type-post","3":"status-publish","4":"format-standard","6":"category-360-grade","7":"category-aktualitet","8":"category-lajme","9":"category-vendi"},"_links":{"self":[{"href":"https:\/\/zjarr.tv\/en\/wp-json\/wp\/v2\/posts\/38280","targetHints":{"allow":["GET"]}}],"collection":[{"href":"https:\/\/zjarr.tv\/en\/wp-json\/wp\/v2\/posts"}],"about":[{"href":"https:\/\/zjarr.tv\/en\/wp-json\/wp\/v2\/types\/post"}],"author":[{"embeddable":true,"href":"https:\/\/zjarr.tv\/en\/wp-json\/wp\/v2\/users\/2044"}],"replies":[{"embeddable":true,"href":"https:\/\/zjarr.tv\/en\/wp-json\/wp\/v2\/comments?post=38280"}],"version-history":[{"count":0,"href":"https:\/\/zjarr.tv\/en\/wp-json\/wp\/v2\/posts\/38280\/revisions"}],"wp:attachment":[{"href":"https:\/\/zjarr.tv\/en\/wp-json\/wp\/v2\/media?parent=38280"}],"wp:term":[{"taxonomy":"category","embeddable":true,"href":"https:\/\/zjarr.tv\/en\/wp-json\/wp\/v2\/categories?post=38280"},{"taxonomy":"post_tag","embeddable":true,"href":"https:\/\/zjarr.tv\/en\/wp-json\/wp\/v2\/tags?post=38280"}],"curies":[{"name":"wp","href":"https:\/\/api.w.org\/{rel}","templated":true}]}}