{"id":38315,"date":"2017-12-29T11:22:46","date_gmt":"2017-12-29T09:22:46","guid":{"rendered":"http:\/\/zjarr.tv\/?p=38315"},"modified":"2017-12-29T11:22:46","modified_gmt":"2017-12-29T09:22:46","slug":"zbardhet-biseda-mes-markut-dhe-xhafajt-cfare-diskutoi-sot-kryeprokurorja-me-ministrin-e-brendshem","status":"publish","type":"post","link":"https:\/\/zjarr.tv\/en\/zbardhet-biseda-mes-markut-dhe-xhafajt-cfare-diskutoi-sot-kryeprokurorja-me-ministrin-e-brendshem\/","title":{"rendered":"Zbardhet biseda mes Markut dhe Xhafajt, \u00e7far\u00eb diskutoi sot kryeprokurorja me ministrin e Brendsh\u00ebm"},"content":{"rendered":"<p>Zbardhet biseda mes Arta Markut dhe Fatmir Xhafajt. Prokuroria e P\u00ebrgjithshme iu ka shp\u00ebrndar\u00eb sot medieve njoftimin mbi takimin e kryeprokurores s\u00eb p\u00ebrkohshme dhe ministrit t\u00eb Brendsh\u00ebm, duke shkruar mes t\u00eb tjerash se u diskutua p\u00ebr vettingun, luft\u00ebn kund\u00ebr korrupsionit dhe drog\u00ebs.<\/p>\n<p>\u2018<em>N\u00eb takimin e zhvilluar dit\u00ebn e Premte (dt. 29.12.2017), n\u00eb qend\u00ebr t\u00eb diskutimit ishte procesi i Vetingut n\u00eb sistemin e drejt\u00ebsis\u00eb, si edhe i nj\u00ebjti proces i pritsh\u00ebm edhe n\u00eb radh\u00ebt e Policis\u00eb s\u00eb Shtetit.<\/em><\/p>\n<p><em>Dy titullar\u00ebt shpreh\u00ebn dakord\u00ebsin\u00eb e plot\u00eb se k\u00ebto procese k\u00ebrkojn\u00eb nj\u00eb komunikim t\u00eb vazhduesh\u00ebm dhe intensiv, me q\u00ebllim realizimin sa m\u00eb t\u00eb plot\u00eb dhe t\u00eb shpejt\u00eb t\u00eb pastrimit t\u00eb institucioneve t\u00eb siguris\u00eb dhe t\u00eb sistemit t\u00eb drejt\u00ebsis\u00eb nga zyrtar\u00ebt me probleme n\u00eb integritetin profesional dhe personal.\u2019<\/em>, b\u00ebn me dije Prokuroria e P\u00ebrgjithshme.<\/p>\n<p>Sipas tyre Marku theksoi r\u00ebnd\u00ebsin\u00eb specifike q\u00eb ka bashk\u00ebpunimi nd\u00ebrmjet Prokuroris\u00eb dhe Ministris\u00eb s\u00eb Brendshme n\u00eb forcimin e siguris\u00eb n\u00eb vend, si edhe n\u00eb p\u00ebmbushjen e prioriteteve t\u00eb vendit p\u00ebr integrimin n\u00eb Bashkimin Europian.<\/p>\n<p>\u2018P<em>rokurori i P\u00ebrgjithsh\u00ebm u shpreh se do t\u00eb angazhohet maksimalisht p\u00ebr koordinimin nd\u00ebrinstucional, me q\u00ebllim zhvillimin me sukses t\u00eb hetimeve t\u00eb r\u00ebnd\u00ebsishme, si edhe t\u00eb \u00e7do procedimi penal me impakt t\u00eb lart\u00eb shoq\u00ebror.<\/em><\/p>\n<p><em>Ministri i Brendsh\u00ebm, z. Xhafaj garantoi se institucioni q\u00eb ai drejton, si edhe Policia e Shtetit, do t\u00eb vijojn\u00eb forcimin e m\u00ebtejsh\u00ebm t\u00eb bashk\u00ebpunimit p\u00ebr rritjen e hetimeve proaktive, ku prioritet do t\u00eb jet\u00eb lufta kund\u00ebr korrupsionit.<\/em>\u2019, p\u00ebrfundon njoftimi.<\/p>\n<p>Xhafaj iu drejtua k\u00ebt\u00eb m\u00ebngjes zyr\u00ebs s\u00eb Markut, duke realizuar takimin disa minut\u00ebsh, i cili u realizua pas takimit q\u00eb dit\u00eb m\u00eb par\u00eb kryeprokurorja e P\u00ebrkohshme pati me ambasadorin amerikan n\u00eb Tiran\u00eb, Donald Lu.<\/p>","protected":false},"excerpt":{"rendered":"<p>Zbardhet biseda mes Arta Markut dhe Fatmir Xhafajt. Prokuroria e P\u00ebrgjithshme iu ka shp\u00ebrndar\u00eb sot medieve njoftimin mbi takimin e kryeprokurores s\u00eb p\u00ebrkohshme dhe ministrit t\u00eb Brendsh\u00ebm, duke shkruar mes t\u00eb tjerash se u diskutua p\u00ebr vettingun, luft\u00ebn kund\u00ebr korrupsionit dhe drog\u00ebs. \u2018N\u00eb takimin e zhvilluar dit\u00ebn e Premte (dt. 29.12.2017), n\u00eb qend\u00ebr t\u00eb diskutimit [&hellip;]<\/p>\n","protected":false},"author":2044,"featured_media":0,"comment_status":"closed","ping_status":"closed","sticky":false,"template":"","format":"standard","meta":{"footnotes":""},"categories":[198,241,231,235],"tags":[],"class_list":{"0":"post-38315","1":"post","2":"type-post","3":"status-publish","4":"format-standard","6":"category-360-grade","7":"category-aktualitet","8":"category-lajme","9":"category-vendi"},"_links":{"self":[{"href":"https:\/\/zjarr.tv\/en\/wp-json\/wp\/v2\/posts\/38315","targetHints":{"allow":["GET"]}}],"collection":[{"href":"https:\/\/zjarr.tv\/en\/wp-json\/wp\/v2\/posts"}],"about":[{"href":"https:\/\/zjarr.tv\/en\/wp-json\/wp\/v2\/types\/post"}],"author":[{"embeddable":true,"href":"https:\/\/zjarr.tv\/en\/wp-json\/wp\/v2\/users\/2044"}],"replies":[{"embeddable":true,"href":"https:\/\/zjarr.tv\/en\/wp-json\/wp\/v2\/comments?post=38315"}],"version-history":[{"count":0,"href":"https:\/\/zjarr.tv\/en\/wp-json\/wp\/v2\/posts\/38315\/revisions"}],"wp:attachment":[{"href":"https:\/\/zjarr.tv\/en\/wp-json\/wp\/v2\/media?parent=38315"}],"wp:term":[{"taxonomy":"category","embeddable":true,"href":"https:\/\/zjarr.tv\/en\/wp-json\/wp\/v2\/categories?post=38315"},{"taxonomy":"post_tag","embeddable":true,"href":"https:\/\/zjarr.tv\/en\/wp-json\/wp\/v2\/tags?post=38315"}],"curies":[{"name":"wp","href":"https:\/\/api.w.org\/{rel}","templated":true}]}}