{"id":38758,"date":"2018-01-21T19:13:32","date_gmt":"2018-01-21T18:13:32","guid":{"rendered":"http:\/\/zjarr.tv\/?p=38758"},"modified":"2018-01-21T18:40:14","modified_gmt":"2018-01-21T17:40:14","slug":"vdekja-e-dyfishte-ne-vlore-ekspertiza-gjen-shenja-dhune-ne-trupat-e-viktimave","status":"publish","type":"post","link":"https:\/\/zjarr.tv\/en\/vdekja-e-dyfishte-ne-vlore-ekspertiza-gjen-shenja-dhune-ne-trupat-e-viktimave\/","title":{"rendered":"Vdekja e dyfisht\u00eb n\u00eb Vlor\u00eb, ekspertiza gjen shenja dhune n\u00eb trupat e viktimave"},"content":{"rendered":"<p>T\u00eb tjera detaje t\u00eb r\u00ebnda jan\u00eb b\u00ebr\u00eb t\u00eb ditura n\u00eb lidhje me tragjedin\u00eb n\u00eb Vlor\u00eb, ku n\u00ebn\u00eb e bir humb\u00ebn jet\u00ebn tragjikisht pasi u dogj\u00ebn nga zjarri n\u00eb banes\u00eb.<\/p>\n<p>Nga ekspertiza paraprake u shenja dhune n\u00eb fytin e gruas dhe d\u00ebmtime n\u00eb kafk\u00ebn e djalit duke b\u00ebr\u00eb q\u00eb autoritetet t\u00eb kryejn\u00eb ekspertiza m\u00eb t\u00eb thelluara.<\/p>\n<p>Salkie Hoxhallari 73 vje\u00e7 dhe Novruz Hoxhallari 43 vje\u00e7 u gjet\u00ebn t\u00eb vdekur nga zjarri q\u00eb p\u00ebrfshiu banes\u00ebn e tyre n\u00eb lagjen \u201c1 Maji\u201d t\u00eb Vlor\u00ebs rreth or\u00ebs 04:20.<\/p>","protected":false},"excerpt":{"rendered":"<p>T\u00eb tjera detaje t\u00eb r\u00ebnda jan\u00eb b\u00ebr\u00eb t\u00eb ditura n\u00eb lidhje me tragjedin\u00eb n\u00eb Vlor\u00eb, ku n\u00ebn\u00eb e bir humb\u00ebn jet\u00ebn tragjikisht pasi u dogj\u00ebn nga zjarri n\u00eb banes\u00eb. Nga ekspertiza paraprake u shenja dhune n\u00eb fytin e gruas dhe d\u00ebmtime n\u00eb kafk\u00ebn e djalit duke b\u00ebr\u00eb q\u00eb autoritetet t\u00eb kryejn\u00eb ekspertiza m\u00eb t\u00eb thelluara. [&hellip;]<\/p>\n","protected":false},"author":2044,"featured_media":0,"comment_status":"closed","ping_status":"closed","sticky":false,"template":"","format":"standard","meta":{"footnotes":""},"categories":[198,241,231,235],"tags":[],"class_list":{"0":"post-38758","1":"post","2":"type-post","3":"status-publish","4":"format-standard","6":"category-360-grade","7":"category-aktualitet","8":"category-lajme","9":"category-vendi"},"_links":{"self":[{"href":"https:\/\/zjarr.tv\/en\/wp-json\/wp\/v2\/posts\/38758","targetHints":{"allow":["GET"]}}],"collection":[{"href":"https:\/\/zjarr.tv\/en\/wp-json\/wp\/v2\/posts"}],"about":[{"href":"https:\/\/zjarr.tv\/en\/wp-json\/wp\/v2\/types\/post"}],"author":[{"embeddable":true,"href":"https:\/\/zjarr.tv\/en\/wp-json\/wp\/v2\/users\/2044"}],"replies":[{"embeddable":true,"href":"https:\/\/zjarr.tv\/en\/wp-json\/wp\/v2\/comments?post=38758"}],"version-history":[{"count":0,"href":"https:\/\/zjarr.tv\/en\/wp-json\/wp\/v2\/posts\/38758\/revisions"}],"wp:attachment":[{"href":"https:\/\/zjarr.tv\/en\/wp-json\/wp\/v2\/media?parent=38758"}],"wp:term":[{"taxonomy":"category","embeddable":true,"href":"https:\/\/zjarr.tv\/en\/wp-json\/wp\/v2\/categories?post=38758"},{"taxonomy":"post_tag","embeddable":true,"href":"https:\/\/zjarr.tv\/en\/wp-json\/wp\/v2\/tags?post=38758"}],"curies":[{"name":"wp","href":"https:\/\/api.w.org\/{rel}","templated":true}]}}