{"id":38899,"date":"2018-01-25T17:38:21","date_gmt":"2018-01-25T16:38:21","guid":{"rendered":"http:\/\/zjarr.tv\/?p=38899"},"modified":"2018-01-25T17:38:21","modified_gmt":"2018-01-25T16:38:21","slug":"arrihet-dakortesimi-mes-serbise-dhe-shqiperise-oferte-e-perbashket-turistike","status":"publish","type":"post","link":"https:\/\/zjarr.tv\/en\/arrihet-dakortesimi-mes-serbise-dhe-shqiperise-oferte-e-perbashket-turistike\/","title":{"rendered":"Arrihet dakort\u00ebsimi mes Serbis\u00eb dhe Shqip\u00ebris\u00eb, ofert\u00eb e p\u00ebrbashk\u00ebt turistike"},"content":{"rendered":"<p>N\u00eb nj\u00eb takimi zyrtar ministri i Tregtis\u00eb, Turizmit dhe Telekomunikacionit serb, Rasim Ljaji\u00e7, dhe homologu i tij, Blendi Klosi, dakort\u00ebsuan q\u00eb rajoni i Ballkanit Per\u00ebndimor t\u00eb paraqitet me nj\u00eb ofert\u00eb t\u00eb p\u00ebrbashk\u00ebt turistike.<\/p>\n<p>Pal\u00ebt gjithashtu ran\u00eb dakort q\u00eb t\u00eb n\u00ebnshkruajn\u00eb nj\u00eb marr\u00ebveshje mbi bashk\u00ebpunimin n\u00eb fush\u00ebn e turizmit, e cila do t\u00eb jet\u00eb baza p\u00ebr paraqitjen e p\u00ebrbashk\u00ebt n\u00eb tregjet e treta.<\/p>\n<p>Pas vizit\u00ebs s\u00eb Klosit n\u00eb serbi dy homolog\u00ebt diskutuan nj\u00eb takim t\u00eb radh\u00ebs n\u00eb Tiran\u00eb t\u00eb ministrave p\u00ebr nj\u00eb sezon turistik sa m\u00eb t\u00eb pasur.<\/p>\n<p>M\u00eb par\u00eb ministri Klosi ka pasur takime t\u00eb ngjashme me homolog\u00ebt e vendeve t\u00eb tjera n\u00eb rajon, Kosov\u00eb, Maqedoni, Kroaci e Mali i Zi.<\/p>","protected":false},"excerpt":{"rendered":"<p>N\u00eb nj\u00eb takimi zyrtar ministri i Tregtis\u00eb, Turizmit dhe Telekomunikacionit serb, Rasim Ljaji\u00e7, dhe homologu i tij, Blendi Klosi, dakort\u00ebsuan q\u00eb rajoni i Ballkanit Per\u00ebndimor t\u00eb paraqitet me nj\u00eb ofert\u00eb t\u00eb p\u00ebrbashk\u00ebt turistike. Pal\u00ebt gjithashtu ran\u00eb dakort q\u00eb t\u00eb n\u00ebnshkruajn\u00eb nj\u00eb marr\u00ebveshje mbi bashk\u00ebpunimin n\u00eb fush\u00ebn e turizmit, e cila do t\u00eb jet\u00eb baza p\u00ebr [&hellip;]<\/p>\n","protected":false},"author":2044,"featured_media":0,"comment_status":"closed","ping_status":"closed","sticky":false,"template":"","format":"standard","meta":{"footnotes":""},"categories":[198,241,231,235],"tags":[],"class_list":{"0":"post-38899","1":"post","2":"type-post","3":"status-publish","4":"format-standard","6":"category-360-grade","7":"category-aktualitet","8":"category-lajme","9":"category-vendi"},"_links":{"self":[{"href":"https:\/\/zjarr.tv\/en\/wp-json\/wp\/v2\/posts\/38899","targetHints":{"allow":["GET"]}}],"collection":[{"href":"https:\/\/zjarr.tv\/en\/wp-json\/wp\/v2\/posts"}],"about":[{"href":"https:\/\/zjarr.tv\/en\/wp-json\/wp\/v2\/types\/post"}],"author":[{"embeddable":true,"href":"https:\/\/zjarr.tv\/en\/wp-json\/wp\/v2\/users\/2044"}],"replies":[{"embeddable":true,"href":"https:\/\/zjarr.tv\/en\/wp-json\/wp\/v2\/comments?post=38899"}],"version-history":[{"count":0,"href":"https:\/\/zjarr.tv\/en\/wp-json\/wp\/v2\/posts\/38899\/revisions"}],"wp:attachment":[{"href":"https:\/\/zjarr.tv\/en\/wp-json\/wp\/v2\/media?parent=38899"}],"wp:term":[{"taxonomy":"category","embeddable":true,"href":"https:\/\/zjarr.tv\/en\/wp-json\/wp\/v2\/categories?post=38899"},{"taxonomy":"post_tag","embeddable":true,"href":"https:\/\/zjarr.tv\/en\/wp-json\/wp\/v2\/tags?post=38899"}],"curies":[{"name":"wp","href":"https:\/\/api.w.org\/{rel}","templated":true}]}}