{"id":428288,"date":"2026-04-27T13:16:57","date_gmt":"2026-04-27T11:16:57","guid":{"rendered":"https:\/\/zjarr.tv\/?p=428288"},"modified":"2026-04-27T13:17:02","modified_gmt":"2026-04-27T11:17:02","slug":"meta-reagon-pas-shtyrjes-se-seances-jam-i-pamposhtur","status":"publish","type":"post","link":"https:\/\/zjarr.tv\/en\/meta-reagon-pas-shtyrjes-se-seances-jam-i-pamposhtur\/","title":{"rendered":"\u00a0Meta reagon pas shtyrjes s\u00eb seanc\u00ebs:\u00a0Jam i pamposhtur"},"content":{"rendered":"<p>Ish-presidenti Ilir Meta ka reaguar pas seanc\u00ebs n\u00eb Gjykat\u00ebn e Posa\u00e7me (GJKKO), duke e cil\u00ebsuar procesin si t\u00eb dirigjuar dhe t\u00eb kontrolluar nga faktor\u00eb t\u00eb jasht\u00ebm.<\/p>\n\n\n\n<p>Ai tha se \u201cnuk ka asnj\u00eb \u00e7udi nga drejt\u00ebsia me regji e soroiste\u201d, duke akuzuar se gjykimet zhvillohen sipas nj\u00eb skenari t\u00eb paracaktuar.<\/p>\n\n\n\n<p>Sipas tij, sot drejt\u00ebsia nuk respekton as Kushtetut\u00ebn, as Konvent\u00ebn Europiane p\u00ebr t\u00eb Drejtat e Njeriut, dhe as thirrjet e Komitetit Shqiptar t\u00eb Helsinkit.<\/p>\n\n\n\n<p>Ai akuzoi se procesi gjyq\u00ebsor \u00ebsht\u00eb i zvarritur me q\u00ebllim, duke th\u00ebn\u00eb se \u201cprokuror\u00ebt dihet se kush i komandon\u201d.<\/p>\n\n\n\n<p><strong>Reagimi i Met\u00ebs:<\/strong><\/p>\n\n\n\n<p><em>Asnj\u00eb \u00e7udi nga Drejt\u00ebsia me Regji.&nbsp;<\/em><\/p>\n\n\n\n<p><em>Edhe kur Shqip\u00ebria nuk ishte an\u00ebtare e K\u00ebshillit t\u00eb Europ\u00ebs, funksionar\u00ebt publik\u00eb gjykoheshin pran\u00eb avokat\u00ebve t\u00eb tyre dhe \u00e7do seanc\u00eb gjykimi transmetohej live.&nbsp;<\/em><\/p>\n\n\n\n<p><em>Por n\u00eb drejt\u00ebsin\u00eb e George Sorosit, t\u00eb realizuar me angazhimin e ditur t\u00eb Charles McGonigal dhe plot t\u00eb tjer\u00ebve si ai, n\u00eb vend q\u00eb t\u00eb respektohet Kushtetuta, Konventa Europiane p\u00ebr t\u00eb Drejtat e Njeriut dhe thirrja e Komitetit Shqiptar t\u00eb Helsinkit, shnd\u00ebrrohet n\u00eb norm\u00eb standardi i gjykimit t\u00eb nj\u00eb terroristi n\u00eb Franc\u00eb dhe jo standardi i gjykimit t\u00eb Presidentit t\u00eb Franc\u00ebs, Sarkozi.&nbsp;<\/em><\/p>\n\n\n\n<p><em>Madje drejt\u00ebsia sorosiste nuk respekton as standardin e gjykimit t\u00eb ish-Kryeministrit Nano dhe ish-funksionar\u00ebve t\u00eb regjimit komunist, kur e theksoj, Shqip\u00ebria nuk ishte an\u00ebtare e K\u00ebshillit t\u00eb Europ\u00ebs.&nbsp;<\/em><\/p>\n\n\n\n<p><em>Loja e zvarritjeve t\u00eb seancave, me sebepe nga m\u00eb t\u00eb ndryshmet, vazhdon n\u00ebn dirigjimin e prokuror\u00ebve, t\u00eb cil\u00ebt dihet se kush i komandon.<\/em><\/p>\n\n\n\n<p><em>Sidoqoft\u00eb, ka nj\u00eb \u201ckoherenc\u00eb\u201d t\u00eb plot\u00eb, nga standardet e rr\u00ebmbimit tim m\u00eb 21 tetor 2024 e deri te standardet e sotme t\u00eb gjykimit, sepse p\u00ebr k\u00ebt\u00eb regjim kukullash, t\u00eb jesh patriot ne fakt do t\u00eb thot\u00eb t\u00eb jesh terrorist.&nbsp;<\/em><\/p>\n\n\n\n<p><em>Jam krenar p\u00ebr patriotizmin tim dhe kjo m\u00eb b\u00ebn t\u00eb pamposhtur dhe superior p\u00ebrball\u00eb burracak\u00ebve, q\u00eb i sh\u00ebrbejn\u00eb band\u00ebs nd\u00ebrkomb\u00ebtare t\u00eb George Sorosit dhe Kuislingut t\u00eb tij n\u00eb Tiran\u00eb, q\u00eb ka nxjerr\u00eb n\u00eb shitje \u00e7do interes komb\u00ebtar.&nbsp;<\/em><\/p>","protected":false},"excerpt":{"rendered":"<p>Ish-presidenti Ilir Meta ka reaguar pas seanc\u00ebs n\u00eb Gjykat\u00ebn e Posa\u00e7me (GJKKO), duke e cil\u00ebsuar procesin si t\u00eb dirigjuar dhe t\u00eb kontrolluar nga faktor\u00eb t\u00eb jasht\u00ebm. Ai tha se \u201cnuk ka asnj\u00eb \u00e7udi nga drejt\u00ebsia me regji e soroiste\u201d, duke akuzuar se gjykimet zhvillohen sipas nj\u00eb skenari t\u00eb paracaktuar. Sipas tij, sot drejt\u00ebsia nuk respekton [&hellip;]<\/p>\n","protected":false},"author":2013,"featured_media":428289,"comment_status":"closed","ping_status":"closed","sticky":false,"template":"","format":"standard","meta":{"footnotes":""},"categories":[241,5380,231,1454,235],"tags":[],"class_list":{"0":"post-428288","1":"post","2":"type-post","3":"status-publish","4":"format-standard","5":"has-post-thumbnail","7":"category-aktualitet","8":"category-kryesore","9":"category-lajme","10":"category-politike","11":"category-vendi"},"_links":{"self":[{"href":"https:\/\/zjarr.tv\/en\/wp-json\/wp\/v2\/posts\/428288","targetHints":{"allow":["GET"]}}],"collection":[{"href":"https:\/\/zjarr.tv\/en\/wp-json\/wp\/v2\/posts"}],"about":[{"href":"https:\/\/zjarr.tv\/en\/wp-json\/wp\/v2\/types\/post"}],"author":[{"embeddable":true,"href":"https:\/\/zjarr.tv\/en\/wp-json\/wp\/v2\/users\/2013"}],"replies":[{"embeddable":true,"href":"https:\/\/zjarr.tv\/en\/wp-json\/wp\/v2\/comments?post=428288"}],"version-history":[{"count":1,"href":"https:\/\/zjarr.tv\/en\/wp-json\/wp\/v2\/posts\/428288\/revisions"}],"predecessor-version":[{"id":428290,"href":"https:\/\/zjarr.tv\/en\/wp-json\/wp\/v2\/posts\/428288\/revisions\/428290"}],"wp:featuredmedia":[{"embeddable":true,"href":"https:\/\/zjarr.tv\/en\/wp-json\/wp\/v2\/media\/428289"}],"wp:attachment":[{"href":"https:\/\/zjarr.tv\/en\/wp-json\/wp\/v2\/media?parent=428288"}],"wp:term":[{"taxonomy":"category","embeddable":true,"href":"https:\/\/zjarr.tv\/en\/wp-json\/wp\/v2\/categories?post=428288"},{"taxonomy":"post_tag","embeddable":true,"href":"https:\/\/zjarr.tv\/en\/wp-json\/wp\/v2\/tags?post=428288"}],"curies":[{"name":"wp","href":"https:\/\/api.w.org\/{rel}","templated":true}]}}