{"id":428309,"date":"2026-04-28T10:39:51","date_gmt":"2026-04-28T08:39:51","guid":{"rendered":"https:\/\/zjarr.tv\/?p=428309"},"modified":"2026-04-28T10:39:53","modified_gmt":"2026-04-28T08:39:53","slug":"qershia-ja-kaloi-bitcoin-it","status":"publish","type":"post","link":"https:\/\/zjarr.tv\/en\/qershia-ja-kaloi-bitcoin-it\/","title":{"rendered":"Qershia ja kaloi bitcoin-it!"},"content":{"rendered":"<p><strong>Nga Lutfi Dervishi&nbsp;<\/strong><\/p>\n\n\n\n<p>Lajmi se nj\u00eb kilogram qershi n\u00eb Tiran\u00eb doli n\u00eb treg me 36 euro kilogramin u prit me shqet\u00ebsim t\u00eb thell\u00eb n\u00eb Monako.<\/p>\n\n\n\n<p>Sepse kur nj\u00eb kg qershi n\u00eb Tiran\u00eb shkon n\u00eb 49 dollar\u00eb, pyetja p\u00ebr elit\u00ebn financiare t\u00eb Mesdheut b\u00ebhet shum\u00eb serioze: a po humbasim avantazhin strategjik si vend i shtrenjt\u00eb?<\/p>\n\n\n\n<p>N\u00eb nj\u00eb vend si principata e Monakos ku 70% e banor\u00ebve jan\u00eb milioner\u00eb, \u00e7mimi nuk \u00ebsht\u00eb problem, \u00ebsht\u00eb \u00e7\u00ebshtje reputacioni.<\/p>\n\n\n\n<p>Sa p\u00ebr BE-n\u00eb, situata \u00ebsht\u00eb edhe m\u00eb delikate.<\/p>\n\n\n\n<p>N\u00eb Komisioni Europian po analizohet seriozisht ky zhvillim. Jo n\u00eb kapitullin e bujq\u00ebsis\u00eb, por n\u00eb at\u00eb t\u00eb filozofis\u00eb ekonomike.<\/p>\n\n\n\n<p>Sepse nj\u00eb vend q\u00eb shet kokrr\u00ebn e qershis\u00eb m\u00eb shtrenjt\u00eb se fr\u00ebngu pul\u00ebn, ka b\u00ebr\u00eb nj\u00eb hap t\u00eb madh: ka kaluar nga ekonomia prodhuese, ajo e dijes, e t\u00eb dh\u00ebnave, e v\u00ebmendjes tek ekonomia e absurdit.<\/p>\n\n\n\n<p>Kjo nuk \u00ebsht\u00eb pak p\u00ebr nj\u00eb vend ku absurdi duket se e ka ndar\u00eb mendjen te pije kafen tri her\u00eb n\u00eb dit\u00eb. Madje, zyra e Rekordeve Guinness ka dor\u00ebzuar dor\u00ebheqjen p\u00ebrball\u00eb \u00e7mimit ton\u00eb: tashm\u00eb ky institucion do t\u00eb riem\u00ebrohet zyrtarisht si \u2018Rekordi i Qershis\u00eb s\u00eb Tiran\u00ebs\u2019.\u201d<\/p>\n\n\n\n<p>N\u00eb K\u00ebshillin Europian Gjermania, po mendon t\u00eb t\u00ebrhiqet nga q\u00ebndrimi i fort\u00eb p\u00ebr IBAR. Duhet ta pranojm\u00eb jemi n\u00eb nj\u00eb faz\u00eb t\u00eb re \u2013 tha nj\u00eb zyrtar nga Berlini.<\/p>\n\n\n\n<p>Burime zyrtare, thon\u00eb se qeverit\u00eb, deri dje, skepikte jan\u00eb impresionuar: \u201cNj\u00eb vend q\u00eb arrin t\u00eb rris\u00eb \u00e7mimin e qershis\u00eb pa rritur cil\u00ebsin\u00eb, ka potencial t\u00eb jasht\u00ebzakonsh\u00ebm negociues.\u201d<\/p>\n\n\n\n<p>Vet\u00eb Komisioni po ryshqyrton me urgjenc\u00eb \u00e7\u00ebshtjen e pezullimit t\u00eb fondeve t\u00eb IPARD p\u00ebr Shqip\u00ebrin\u00eb. Teorikisht, fondet jan\u00eb pezulluar prej tri vitesh p\u00ebr shkak t\u00eb abuzimeve, tha z\u00ebvend\u00ebs z\u00ebdh\u00ebn\u00ebsi i Komisionit, por praktikisht, realiteti n\u00eb terren po sugjeron nj\u00eb zgjidhje inovative: Komisioni ka vendosur t\u00eb mos priten m\u00eb p\u00ebrfundimet e hetimeve dhe kthimi i fondeve, por t\u00eb hapet nj\u00eb fond emergjence p\u00ebr mbjelljen e qershive.<\/p>\n\n\n\n<p>Arsyetimi \u00ebsht\u00eb i thjesht\u00eb: n\u00ebse nj\u00eb kilogram shitet sa nj\u00eb dark\u00eb n\u00eb Bruksel, at\u00ebher\u00eb \u00e7do pem\u00eb \u00ebsht\u00eb nj\u00eb investim strategjik.<\/p>\n\n\n\n<p>N\u00eb nj\u00eb mbledhje urgjente t\u00eb Bank\u00ebs Qendrore Europiane, u hodh ideja q\u00eb euroja t\u00eb lidhet me kursin e qershis\u00eb s\u00eb Tiran\u00ebs. Por plani d\u00ebshtoi. Ekspert\u00ebt dol\u00ebn n\u00eb p\u00ebrfundimin se euroja \u00ebsht\u00eb shum\u00eb e paq\u00ebndrueshme p\u00ebr t\u2019u krahasuar me nj\u00eb aset kaq t\u00eb fuqish\u00ebm. Nd\u00ebrkoh\u00eb, n\u00eb Shqip\u00ebri, njer\u00ebzit&nbsp; po presin me padurim sezonin e shalqinit, ku me gjas\u00eb, nj\u00eb fet\u00eb do t\u00eb kushtoj\u00eb sa nj\u00eb fundjav\u00eb n\u00eb Dubai.<\/p>\n\n\n\n<p>N\u00eb k\u00ebt\u00eb pik\u00eb, Shqip\u00ebria ka hyr\u00eb n\u00eb nj\u00eb faz\u00eb t\u00eb re t\u00eb integrimit. Sepse n\u00ebse dikur pyetja ishte \u201ca i p\u00ebrmbushim standardet e BE-s\u00eb?\u201d, tani pyetja \u00ebsht\u00eb m\u00eb praktike: A mundet BE-ja t\u00eb p\u00ebrballoj\u00eb standardet tona?<\/p>","protected":false},"excerpt":{"rendered":"<p>Nga Lutfi Dervishi&nbsp; Lajmi se nj\u00eb kilogram qershi n\u00eb Tiran\u00eb doli n\u00eb treg me 36 euro kilogramin u prit me shqet\u00ebsim t\u00eb thell\u00eb n\u00eb Monako. Sepse kur nj\u00eb kg qershi n\u00eb Tiran\u00eb shkon n\u00eb 49 dollar\u00eb, pyetja p\u00ebr elit\u00ebn financiare t\u00eb Mesdheut b\u00ebhet shum\u00eb serioze: a po humbasim avantazhin strategjik si vend i shtrenjt\u00eb? N\u00eb [&hellip;]<\/p>\n","protected":false},"author":2013,"featured_media":428310,"comment_status":"closed","ping_status":"closed","sticky":false,"template":"","format":"standard","meta":{"footnotes":""},"categories":[241,364,5380,231,235],"tags":[],"class_list":{"0":"post-428309","1":"post","2":"type-post","3":"status-publish","4":"format-standard","5":"has-post-thumbnail","7":"category-aktualitet","8":"category-koment-opinion","9":"category-kryesore","10":"category-lajme","11":"category-vendi"},"_links":{"self":[{"href":"https:\/\/zjarr.tv\/en\/wp-json\/wp\/v2\/posts\/428309","targetHints":{"allow":["GET"]}}],"collection":[{"href":"https:\/\/zjarr.tv\/en\/wp-json\/wp\/v2\/posts"}],"about":[{"href":"https:\/\/zjarr.tv\/en\/wp-json\/wp\/v2\/types\/post"}],"author":[{"embeddable":true,"href":"https:\/\/zjarr.tv\/en\/wp-json\/wp\/v2\/users\/2013"}],"replies":[{"embeddable":true,"href":"https:\/\/zjarr.tv\/en\/wp-json\/wp\/v2\/comments?post=428309"}],"version-history":[{"count":1,"href":"https:\/\/zjarr.tv\/en\/wp-json\/wp\/v2\/posts\/428309\/revisions"}],"predecessor-version":[{"id":428311,"href":"https:\/\/zjarr.tv\/en\/wp-json\/wp\/v2\/posts\/428309\/revisions\/428311"}],"wp:featuredmedia":[{"embeddable":true,"href":"https:\/\/zjarr.tv\/en\/wp-json\/wp\/v2\/media\/428310"}],"wp:attachment":[{"href":"https:\/\/zjarr.tv\/en\/wp-json\/wp\/v2\/media?parent=428309"}],"wp:term":[{"taxonomy":"category","embeddable":true,"href":"https:\/\/zjarr.tv\/en\/wp-json\/wp\/v2\/categories?post=428309"},{"taxonomy":"post_tag","embeddable":true,"href":"https:\/\/zjarr.tv\/en\/wp-json\/wp\/v2\/tags?post=428309"}],"curies":[{"name":"wp","href":"https:\/\/api.w.org\/{rel}","templated":true}]}}