{"id":428312,"date":"2026-04-28T11:03:07","date_gmt":"2026-04-28T09:03:07","guid":{"rendered":"https:\/\/zjarr.tv\/?p=428312"},"modified":"2026-04-28T11:03:11","modified_gmt":"2026-04-28T09:03:11","slug":"arlind-qori-cifti-rama-berisha-ne-mengjes-bejne-reformat-bashke-mbasdite-ka-revolucion-ne-darke-ndajne-leje-ndertimi","status":"publish","type":"post","link":"https:\/\/zjarr.tv\/en\/arlind-qori-cifti-rama-berisha-ne-mengjes-bejne-reformat-bashke-mbasdite-ka-revolucion-ne-darke-ndajne-leje-ndertimi\/","title":{"rendered":"Arlind Qori: \u00c7ifti Rama-Berisha n\u00eb m\u00ebngjes b\u00ebjn\u00eb reformat bashk\u00eb, mbasdite ka revolucion, n\u00eb dark\u00eb ndajn\u00eb leje nd\u00ebrtimi!"},"content":{"rendered":"<p>Kreu i L\u00ebvizja Bashk\u00eb, Arlind Qori, i ftuar n\u00eb emisionin &#8220;T\u00eb Paekspozuarit&#8221; n\u00eb MCN TV, ka folur p\u00ebr pushtetin e Ram\u00ebs dhe Berish\u00ebs, ndikimin e oligark\u00ebve mbi ta dhe bashk\u00ebpunimin p\u00ebr reformat, q\u00eb paradite i b\u00ebjn\u00eb bashk\u00eb, nd\u00ebrkoh\u00eb q\u00eb n\u00eb dark\u00eb &#8220;ndajn\u00eb leje nd\u00ebrtimi&#8221;.&nbsp;<\/p>\n\n\n\n<p>&#8220;T\u00eb nj\u00ebjt\u00ebn gj\u00eb q\u00eb tha Berisha, mund t\u00eb kishit v\u00ebn\u00eb edhe Ram\u00ebn. Ai ka edhe m\u00eb tep\u00ebr kontroll mbi mediat, por edhe ai flet si viktim\u00eb me mediat. \u00cbsht\u00eb histori \u00e7udirash. Kur takon njer\u00ebzit n\u00eb rrug\u00eb, thon\u00eb Berisha dhe Rama&nbsp;jan\u00eb nj\u00eb. Batoni mund ta thot\u00eb p\u00ebr arsye t\u00eb k\u00ebqija, por po t\u00eb dal\u00ebsh n\u00eb rrug\u00eb, 90% e njer\u00ebzve thon\u00eb t\u00eb nj\u00ebjt\u00ebn gj\u00eb, k\u00ebta jan\u00eb nj\u00eblloj.<\/p>\n\n\n\n<p>Me sa kuptoj, Berisha ankohet se ka disa analist\u00eb&nbsp;q\u00eb flasin keq p\u00ebr t\u00eb. Mund t\u00eb ken\u00eb edhe motive t\u00eb k\u00ebqija, por Sali Berish\u00ebs nuk ia pengon njeri hap\u00ebsir\u00ebn. Po t\u00eb doj\u00eb t\u00eb vij\u00eb n\u00eb studio, askush nuk i thot\u00eb jo.&nbsp; E k\u00ebrkojn\u00eb dhe nuk vjen.&nbsp; Sali Bersiha ka t\u00eb gjith\u00eb mund\u00ebsit\u00eb t\u00eb dal\u00eb n\u00eb televizionet. T\u00eb thot\u00eb mendimin e vet dhe t\u00eb bind\u00eb opinionin p\u00ebr t\u00eb dr\u00ebjt\u00ebn e vet.<\/p>\n\n\n\n<p>Po t\u00eb b\u00ebj nj\u00eb krahasim, q\u00eb jam kryetar i L\u00ebvizja Bashk\u00eb. Do t\u00eb doja t\u00eb kisha 1% t\u00eb mund\u00ebsive t\u00eb Sali Berish\u00ebs. Kur kam qen\u00eb n\u00eb TV Klan, kam patur 7-8 veta kund\u00ebr, sepse e vura gishtin te oligarkia ekonomike dhe fakti q\u00eb kontrollon edhe mediat dhe ka ndikim n\u00eb pushtetin politik. Berisha k\u00ebt\u00eb nuk e thot\u00eb. Oligark\u00ebt e mediave, sepse nuk thot\u00eb kush jan\u00eb, cilat firma kan\u00eb, e me rradh\u00eb. Problemi kryesor nuk jan\u00eb analist\u00ebt. N\u00eb k\u00ebt\u00eb kuptim, Berisha sa her\u00eb t\u00eb doj\u00eb del n\u00eb mediat kryesore dhe artikulon pozicionet e veta. Fakti q\u00eb ka analist\u00ebt kund\u00ebr nuk \u00ebsht\u00eb problem, madje merr m\u00eb shum\u00eb legjitimiet dhe popullaritet.<\/p>\n\n\n\n<p>Por dua t\u00eb diskutoj at\u00eb q\u00eb tha zoti Haxhiu p\u00ebr pun\u00ebn e oligark\u00ebve. Mendoj se ka oligark\u00eb dhe jan\u00eb bashk\u00ebfajtor\u00eb me elit\u00ebn politike n\u00eb pla\u00e7kitjen e vendit.<\/p>\n\n\n\n<p>Meta akuzohet se ka dashur t\u00eb \u00e7oj\u00eb p\u00ebrpara nj\u00eb ligj t\u00eb porositur nga Samir Mane p\u00ebr minierat. Ja se si oligark\u00ebt porosisin ligje, ai q\u00eb porosit ligje nuk \u00ebshr\u00eb fakir.<\/p>\n\n\n\n<p>Kemi ligje skandaloze si ai i investitorit strategjik ku qeveria fal prona, ose shpron\u00ebson dhe ia transferon oligark\u00ebve. Kemi leje nd\u00ebrtime t\u00eb panumarta, nuk ka logjik\u00eb urbanistike dh\u00ebnia e kaq shum\u00eb lejeve.&nbsp;Asnjeri q\u00eb do t\u00eb mir\u00ebn e qytetar\u00ebve nuk mund t\u00eb nxitet t\u00eb jap\u00eb leje nd\u00ebrtimi n\u00ebse nuk b\u00ebjn\u00eb pla\u00e7k\u00eb bashk\u00eb.<\/p>\n\n\n\n<p>Keni d\u00ebgjuar ju oligark\u00ebt t\u00eb ankohen p\u00ebr taksat? Kudo n\u00eb bot\u00eb biznesi ankohet p\u00ebr taksat. I vetmi vend n\u00eb bot\u00eb ku biznesi i madh nuk k\u00ebrkon ulje taksash \u00ebsht\u00eb Shqip\u00ebria. Sepse fitimi i tyre \u00ebsht\u00eb jasht\u00eb logjik\u00ebs ekonomike. Ata paguajn\u00eb \u00e7do lloj takse,&nbsp; \u00ebsht\u00eb si organizatat kriminale.<\/p>\n\n\n\n<p>Oligark\u00ebt fitojn\u00eb aq shum\u00eb, sa taksa nuk \u00ebsht\u00eb problem. Taksa \u00ebsht\u00eb problem p\u00ebr biznesin e mes\u00ebm, asnj\u00eb oligark nuk e gjen t\u00eb ankohet p\u00ebr nivelin e taksave n\u00eb Shqip\u00ebri. Taksat n\u00eb Shqip\u00ebri jan\u00eb m\u00eb t\u00eb larta se n\u00eb Kosov\u00eb. Taksa n\u00eb Shqip\u00ebri kan\u00eb nj\u00eb doz\u00eb proporcionaliteti por oligark\u00ebt nuk ankohet, ose nuk i paguajn\u00eb ose jan\u00eb p\u00ebrqindje shum\u00eb e vog\u00ebl e fitimeve stratosferike q\u00eb g\u00ebzojn\u00eb p\u00ebr shkak t\u00eb nj\u00eb ujdie me qeverin\u00eb dhe opozit\u00ebn.<\/p>\n\n\n\n<p>Le t\u00eb marrim nj\u00eb dit\u00eb t\u00eb zakonshme, t\u00eb \u00e7iftit Rama-Berisha. N\u00eb m\u00ebngjes mblidhen p\u00ebr reformat e m\u00ebdha, territoriale, zgjedhore, mbasdite nj\u00eb nga pal\u00ebt del p\u00ebr revolucion, n\u00eb dark\u00eb ndajn\u00eb lejet e nd\u00ebrtimit. N\u00eb m\u00ebngjes reformat e m\u00ebdha, pasdite revolucion, n\u00eb dark\u00eb lejet e nd\u00ebrtimit. Kjo \u00ebsht\u00eb gallat\u00eb ku ne nuk mund t\u00eb jemi m\u00eb spektator\u00eb, duhet t\u00eb themi t\u00eb v\u00ebrtet\u00ebn.<\/p>\n\n\n\n<p>Sot q\u00eb po flasim ata po ndryshojn\u00eb Kodin Zgjedhor p\u00ebr t\u00eb goditur partit\u00eb q\u00eb nuk pranojn\u00eb koalicione. Jan\u00eb duksh\u00ebm n\u00eb ujdi me nj\u00ebri tjetrin.<\/p>\n\n\n\n<p>Jan\u00eb n\u00eb pazare p\u00ebr leje nd\u00ebrtimi dhe paradoksi \u00ebsht\u00eb, n\u00eb seancat e Parlamentit zihen me grushta, ose n\u00eb protestat e pasdites flet Berisha si Lenini ose Trotsky&#8221;, deklaroi Qori.&nbsp;<\/p>","protected":false},"excerpt":{"rendered":"<p>Kreu i L\u00ebvizja Bashk\u00eb, Arlind Qori, i ftuar n\u00eb emisionin &#8220;T\u00eb Paekspozuarit&#8221; n\u00eb MCN TV, ka folur p\u00ebr pushtetin e Ram\u00ebs dhe Berish\u00ebs, ndikimin e oligark\u00ebve mbi ta dhe bashk\u00ebpunimin p\u00ebr reformat, q\u00eb paradite i b\u00ebjn\u00eb bashk\u00eb, nd\u00ebrkoh\u00eb q\u00eb n\u00eb dark\u00eb &#8220;ndajn\u00eb leje nd\u00ebrtimi&#8221;.&nbsp; &#8220;T\u00eb nj\u00ebjt\u00ebn gj\u00eb q\u00eb tha Berisha, mund t\u00eb kishit v\u00ebn\u00eb edhe [&hellip;]<\/p>\n","protected":false},"author":2013,"featured_media":428313,"comment_status":"closed","ping_status":"closed","sticky":false,"template":"","format":"standard","meta":{"footnotes":""},"categories":[241,364,5380,231,1454,235],"tags":[],"class_list":{"0":"post-428312","1":"post","2":"type-post","3":"status-publish","4":"format-standard","5":"has-post-thumbnail","7":"category-aktualitet","8":"category-koment-opinion","9":"category-kryesore","10":"category-lajme","11":"category-politike","12":"category-vendi"},"_links":{"self":[{"href":"https:\/\/zjarr.tv\/en\/wp-json\/wp\/v2\/posts\/428312","targetHints":{"allow":["GET"]}}],"collection":[{"href":"https:\/\/zjarr.tv\/en\/wp-json\/wp\/v2\/posts"}],"about":[{"href":"https:\/\/zjarr.tv\/en\/wp-json\/wp\/v2\/types\/post"}],"author":[{"embeddable":true,"href":"https:\/\/zjarr.tv\/en\/wp-json\/wp\/v2\/users\/2013"}],"replies":[{"embeddable":true,"href":"https:\/\/zjarr.tv\/en\/wp-json\/wp\/v2\/comments?post=428312"}],"version-history":[{"count":1,"href":"https:\/\/zjarr.tv\/en\/wp-json\/wp\/v2\/posts\/428312\/revisions"}],"predecessor-version":[{"id":428314,"href":"https:\/\/zjarr.tv\/en\/wp-json\/wp\/v2\/posts\/428312\/revisions\/428314"}],"wp:featuredmedia":[{"embeddable":true,"href":"https:\/\/zjarr.tv\/en\/wp-json\/wp\/v2\/media\/428313"}],"wp:attachment":[{"href":"https:\/\/zjarr.tv\/en\/wp-json\/wp\/v2\/media?parent=428312"}],"wp:term":[{"taxonomy":"category","embeddable":true,"href":"https:\/\/zjarr.tv\/en\/wp-json\/wp\/v2\/categories?post=428312"},{"taxonomy":"post_tag","embeddable":true,"href":"https:\/\/zjarr.tv\/en\/wp-json\/wp\/v2\/tags?post=428312"}],"curies":[{"name":"wp","href":"https:\/\/api.w.org\/{rel}","templated":true}]}}