{"id":428321,"date":"2026-04-28T12:54:14","date_gmt":"2026-04-28T10:54:14","guid":{"rendered":"https:\/\/zjarr.tv\/?p=428321"},"modified":"2026-04-28T12:54:17","modified_gmt":"2026-04-28T10:54:17","slug":"transformimi-i-ilir-metes-ne-paraburgim-psikologia-shpjegon-ndikimin-psikologjik","status":"publish","type":"post","link":"https:\/\/zjarr.tv\/en\/transformimi-i-ilir-metes-ne-paraburgim-psikologia-shpjegon-ndikimin-psikologjik\/","title":{"rendered":"Transformimi i Ilir Met\u00ebs n\u00eb paraburgim, psikologia shpjegon ndikimin psikologjik"},"content":{"rendered":"<p>Psikologia Manolita Hida, e ftuar n\u00eb emisionin \u201cDita Jon\u00eb\u201d n\u00eb A2CNN, ka komentuar ndryshimet fizike t\u00eb ish-Presidentit Ilir Meta gjat\u00eb q\u00ebndrimit n\u00eb paraburgim, duke i lidhur ato me efektet psikologjike q\u00eb sjell izolimi dhe privimi nga liria.<\/p>\n\n\n\n<p>Sipas saj, t\u00eb paraburgosurit kan\u00eb mund\u00ebsi t\u00eb mbajn\u00eb veshje t\u00eb sjella nga familjar\u00ebt, \u00e7ka krijon nj\u00eb lidhje t\u00eb vazhdueshme me jet\u00ebn jasht\u00eb. \u201cDuket sikur burgu mbetet nj\u00eb far\u00eb zgjatimi i familjes q\u00eb \u00ebsht\u00eb jasht\u00eb\u201d, u shpreh Hida, duke theksuar r\u00ebnd\u00ebsin\u00eb e k\u00ebtij kontakti p\u00ebr ruajtjen e identitetit personal.<\/p>\n\n\n\n<p>Megjithat\u00eb, ajo n\u00ebnvizoi se q\u00ebndrimi n\u00eb burg shoq\u00ebrohet me nj\u00eb p\u00ebrballje t\u00eb fort\u00eb t\u00eb individit me veten, n\u00eb nj\u00eb hap\u00ebsir\u00eb t\u00eb kufizuar ku \u00e7do aspekt i jet\u00ebs kontrollohet. Kjo situat\u00eb, sipas saj, mund t\u00eb \u00e7oj\u00eb n\u00eb fenomene si depersonalizimi dhe humbja e autonomis\u00eb.<\/p>\n\n\n\n<p>\u201c<em>T\u00eb d\u00ebnuarit dhe t\u00eb paraburgosurit kan\u00eb mund\u00ebsi t\u00eb p\u00ebrdorin veshje q\u00eb familja ua sjell. B\u00ebhet nj\u00eb lloj lidhje me familjen. Duket sikur burgu mbetet nj\u00eb far\u00eb zgjatimi i asaj familjes q\u00eb \u00ebsht\u00eb jasht\u00eb. Por vjen me nj\u00eb pyetje q\u00eb kush jam un\u00eb n\u00eb k\u00ebt\u00eb hap\u00ebsir\u00eb t\u00eb kufizuar, ku \u00e7do gj\u00eb kontrollohet nga disa orare dhe disa njer\u00ebz. Mund t\u00eb jet\u00eb izolimi nj\u00eb faktor, por s\u2019\u00ebsht\u00eb faktori i vet\u00ebm. N\u00eb burg ndodh depersonalizimi dhe humbja e autonomis\u00eb. Duke marr\u00eb parasysh nj\u00eb element shum\u00eb t\u00eb r\u00ebnd\u00ebsish\u00ebm, infantilizmi, nj\u00eb individ q\u00eb ndodhet n\u00eb kushtet e privimit t\u00eb liris\u00eb, \u00e7do kujdes e merr nga bota e jashtme, kemi humbje totale t\u00eb autonomis\u00eb. Varet shum\u00eb edhe pjesa e mb\u00ebshtetjes sociale dhe familjare q\u00eb ti ke nga jasht\u00eb. P\u00ebrkujdesja nga familja b\u00ebhet thelb\u00ebsore p\u00ebr individ\u00ebt e privuar nga liria, krijon imazhin e ruajtjes s\u00eb autoritetit dhe rolit q\u00eb individi ka pasur jasht\u00eb. Burgimi \u00ebsht\u00eb edhe \u00e7\u00ebshtje mendore, \u00e7far\u00eb ndodh me mendjen t\u00ebnde kur je brenda burgut. T\u00eb qenurit brenda nj\u00eb mjedisi t\u00eb mbyllur nxit elemente q\u00eb kan\u00eb t\u00eb b\u00ebjn\u00eb me p\u00ebrjetimin e stresit, q\u00eb mund t\u00eb krijoj\u00eb situata q\u00eb lidhen me sh\u00ebndetin mendor, dhe mund t\u00eb \u00e7oj\u00eb n\u00eb p\u00ebrkeq\u00ebsimin e k\u00ebsaj situate. Kemi edhe vdekje sociale, kemi humbje t\u00eb atyre roleve q\u00eb jan\u00eb mbajtur n\u00eb jet\u00ebn e lir\u00eb. Element\u00ebt q\u00eb kan\u00eb t\u00eb b\u00ebjn\u00eb me gjuh\u00ebn verbale dhe jo verbale, i drejtohen publikut, p\u00ebr t\u00eb treguar q\u00eb un\u00eb jam k\u00ebtu dhe po vazhdoj t\u00eb luftoj\u201d<\/em>, tha psikologia.<\/p>","protected":false},"excerpt":{"rendered":"<p>Psikologia Manolita Hida, e ftuar n\u00eb emisionin \u201cDita Jon\u00eb\u201d n\u00eb A2CNN, ka komentuar ndryshimet fizike t\u00eb ish-Presidentit Ilir Meta gjat\u00eb q\u00ebndrimit n\u00eb paraburgim, duke i lidhur ato me efektet psikologjike q\u00eb sjell izolimi dhe privimi nga liria. Sipas saj, t\u00eb paraburgosurit kan\u00eb mund\u00ebsi t\u00eb mbajn\u00eb veshje t\u00eb sjella nga familjar\u00ebt, \u00e7ka krijon nj\u00eb lidhje t\u00eb [&hellip;]<\/p>\n","protected":false},"author":2013,"featured_media":428322,"comment_status":"closed","ping_status":"closed","sticky":false,"template":"","format":"standard","meta":{"footnotes":""},"categories":[241,231,1454,235],"tags":[],"class_list":{"0":"post-428321","1":"post","2":"type-post","3":"status-publish","4":"format-standard","5":"has-post-thumbnail","7":"category-aktualitet","8":"category-lajme","9":"category-politike","10":"category-vendi"},"_links":{"self":[{"href":"https:\/\/zjarr.tv\/en\/wp-json\/wp\/v2\/posts\/428321","targetHints":{"allow":["GET"]}}],"collection":[{"href":"https:\/\/zjarr.tv\/en\/wp-json\/wp\/v2\/posts"}],"about":[{"href":"https:\/\/zjarr.tv\/en\/wp-json\/wp\/v2\/types\/post"}],"author":[{"embeddable":true,"href":"https:\/\/zjarr.tv\/en\/wp-json\/wp\/v2\/users\/2013"}],"replies":[{"embeddable":true,"href":"https:\/\/zjarr.tv\/en\/wp-json\/wp\/v2\/comments?post=428321"}],"version-history":[{"count":1,"href":"https:\/\/zjarr.tv\/en\/wp-json\/wp\/v2\/posts\/428321\/revisions"}],"predecessor-version":[{"id":428323,"href":"https:\/\/zjarr.tv\/en\/wp-json\/wp\/v2\/posts\/428321\/revisions\/428323"}],"wp:featuredmedia":[{"embeddable":true,"href":"https:\/\/zjarr.tv\/en\/wp-json\/wp\/v2\/media\/428322"}],"wp:attachment":[{"href":"https:\/\/zjarr.tv\/en\/wp-json\/wp\/v2\/media?parent=428321"}],"wp:term":[{"taxonomy":"category","embeddable":true,"href":"https:\/\/zjarr.tv\/en\/wp-json\/wp\/v2\/categories?post=428321"},{"taxonomy":"post_tag","embeddable":true,"href":"https:\/\/zjarr.tv\/en\/wp-json\/wp\/v2\/tags?post=428321"}],"curies":[{"name":"wp","href":"https:\/\/api.w.org\/{rel}","templated":true}]}}