{"id":428342,"date":"2026-04-29T12:02:38","date_gmt":"2026-04-29T10:02:38","guid":{"rendered":"https:\/\/zjarr.tv\/?p=428342"},"modified":"2026-04-29T12:02:43","modified_gmt":"2026-04-29T10:02:43","slug":"automjet-i-dyshimte-prane-shkollave-kumbaro-kemi-cdo-gje-nen-kontroll","status":"publish","type":"post","link":"https:\/\/zjarr.tv\/en\/automjet-i-dyshimte-prane-shkollave-kumbaro-kemi-cdo-gje-nen-kontroll\/","title":{"rendered":"Automjet i dyshimt\u00eb pran\u00eb shkollave? Kumbaro: Kemi \u00e7do gj\u00eb n\u00ebn kontroll!"},"content":{"rendered":"<p>Pas mbledhjes s\u00eb K\u00ebshillit t\u00eb Ministrave, u komunikuan vendimet e marra k\u00ebt\u00eb t\u00eb m\u00ebkur\u00eb, 29 prill.<\/p>\n\n\n\n<p>Ministrja e Arsimit, Mirela Kumbaro, vuri s\u00ebrish theksin te procesi i integrimit t\u00eb vendit n\u00eb Bashkimin Europian. N\u00eb k\u00ebt\u00eb kuad\u00ebr, ajo deklaroi se qeveria ka trefishuar buxhetin p\u00ebr k\u00ebrkimin shkencor.<\/p>\n\n\n\n<p><em>\u201cDua t\u00eb ndaj me ju sot nj\u00eb lajm q\u00eb sidomos \u00ebsht\u00eb i mir\u00eb p\u00ebr bot\u00ebn e k\u00ebrkimit shkencor, p\u00ebr universitetet, publike dhe jo publike por edhe p\u00ebr \u00e7do institucion tjet\u00ebr apo kompani private q\u00eb \u00ebsht\u00eb e interesuar n\u00eb produkte t\u00eb k\u00ebrkimit shkencor sepse mbyll\u00ebm sot me vendim t\u00eb K\u00ebshillit t\u00eb Ministrave aktin e 12-t\u00eb n\u00ebnligjor, n\u00eb zbatim t\u00eb ligjit p\u00ebr Shkenc\u00ebn t\u00eb vitit 2024 q\u00eb \u00ebsht\u00eb nj\u00eb paket\u00eb shum\u00eb e r\u00ebnd\u00ebsishme p\u00ebr organizimin e institucioneve dhe t\u00eb k\u00ebrkimit shkencor n\u00eb p\u00ebrgjith\u00ebsi n\u00eb p\u00ebrputhje me direktivat dhe rregulloret e Komisionit Europian dhe t\u00eb Bashkimit Europian, me mbylljen e k\u00ebtij akti n\u00eb b\u00ebjm\u00eb edhe veprimin e fundit ligjor n\u00eb detyrimet q\u00eb kemi p\u00ebr Kapitullin 25, \u00ebsht\u00eb kapitulli p\u00ebr k\u00ebrkimin shkencor, p\u00ebr t\u00eb cilin po punohet prej disa vitesh, nj\u00eb nd\u00ebr dy kapitujt e par\u00eb q\u00eb do t\u00eb mbyll negociatat brenda k\u00ebtij viti\u201d,<\/em>&nbsp;u shpreh Kumbaro.<\/p>\n\n\n\n<p>U ndal edhe te projektet pas shkolle dhe gjith\u00eb programet e tjera p\u00ebr nx\u00ebn\u00ebsit.<\/p>\n\n\n\n<p><em>\u201cJan\u00eb projekte kan\u00eb 10 vjet q\u00eb zhvillohen n\u00eb formate t\u00eb ndryshme. N\u00eb shkolla ku jan\u00eb b\u00ebr\u00eb investime t\u00eb r\u00ebnd\u00ebsishme, t\u00eb jen\u00eb t\u00eb hapura edhe aktivitetet pas mbarimit t\u00eb m\u00ebsimit. Gjith\u00eb paketa e aktiviteteve q\u00eb shoq\u00ebrojn\u00eb jet\u00ebn edukative t\u00eb nx\u00ebn\u00ebsve. Do t\u00eb shtojm\u00eb edhe Olimpiad\u00ebn e Gjuh\u00ebve t\u00eb Huaja<\/em>\u201d, tha Kumbaro.<\/p>\n\n\n\n<p><em>\u201cShkollat do t\u00eb pajisen me hap\u00ebsira p\u00ebr t\u00eb konsumuar ushqim\u201d,<\/em>&nbsp;shtoi ministrja.<\/p>\n\n\n\n<p>Ministrja qet\u00ebsoi t\u00eb gjith\u00eb prind\u00ebrit sa i takon shqet\u00ebsimeve q\u00eb kan\u00eb lindur\u00a0dit\u00ebt e fundit\u00a0p\u00ebr disa gra t\u00eb mbuluara apo nj\u00eb furgon pran\u00eb shkollave n\u00eb zona periferike t\u00eb Tiran\u00ebs.<\/p>\n\n\n\n<p><strong>Pyetja e gazetarit:&nbsp;<\/strong><em>Nj\u00eb automjet q\u00eb po qarkullon pran\u00eb shkollave, i p\u00ebrket iranian\u00ebve q\u00eb jan\u00eb strehuar n\u00eb Manz\u00eb? A ka nj\u00eb plan p\u00ebr t\u00eb sqaruar prind\u00ebrit?<\/em><\/p>\n\n\n\n<p><em>\u201cDua t\u2019ju siguroj q\u00eb masat e siguris\u00eb jan\u00eb t\u00eb garantuara 100%\u201d<\/em>, u p\u00ebrgjigj Kumbaro, duke v\u00ebn\u00eb theksin te bashk\u00ebpunimi me Policin\u00eb e Shtetit.<\/p>\n\n\n\n<p><em>\u201cPatrullat jan\u00eb aty \u00e7do dit\u00eb, p\u00ebr t\u00eb garantuar t\u00eb gjith\u00eb perimetrin e shkoll\u00ebs. Po rrisim numrin e oficer\u00ebve t\u00eb siguris\u00eb, jan\u00eb persona kontakti n\u00eb komunikim t\u00eb rregullt me Policin\u00eb p\u00ebr \u00e7do sinjalizim\u201d<\/em>, p\u00ebrfundoi ajo.<\/p>","protected":false},"excerpt":{"rendered":"<p>Pas mbledhjes s\u00eb K\u00ebshillit t\u00eb Ministrave, u komunikuan vendimet e marra k\u00ebt\u00eb t\u00eb m\u00ebkur\u00eb, 29 prill. Ministrja e Arsimit, Mirela Kumbaro, vuri s\u00ebrish theksin te procesi i integrimit t\u00eb vendit n\u00eb Bashkimin Europian. N\u00eb k\u00ebt\u00eb kuad\u00ebr, ajo deklaroi se qeveria ka trefishuar buxhetin p\u00ebr k\u00ebrkimin shkencor. \u201cDua t\u00eb ndaj me ju sot nj\u00eb lajm q\u00eb [&hellip;]<\/p>\n","protected":false},"author":2013,"featured_media":428343,"comment_status":"closed","ping_status":"closed","sticky":false,"template":"","format":"standard","meta":{"footnotes":""},"categories":[241,364,5380,231,1454,235],"tags":[],"class_list":{"0":"post-428342","1":"post","2":"type-post","3":"status-publish","4":"format-standard","5":"has-post-thumbnail","7":"category-aktualitet","8":"category-koment-opinion","9":"category-kryesore","10":"category-lajme","11":"category-politike","12":"category-vendi"},"_links":{"self":[{"href":"https:\/\/zjarr.tv\/en\/wp-json\/wp\/v2\/posts\/428342","targetHints":{"allow":["GET"]}}],"collection":[{"href":"https:\/\/zjarr.tv\/en\/wp-json\/wp\/v2\/posts"}],"about":[{"href":"https:\/\/zjarr.tv\/en\/wp-json\/wp\/v2\/types\/post"}],"author":[{"embeddable":true,"href":"https:\/\/zjarr.tv\/en\/wp-json\/wp\/v2\/users\/2013"}],"replies":[{"embeddable":true,"href":"https:\/\/zjarr.tv\/en\/wp-json\/wp\/v2\/comments?post=428342"}],"version-history":[{"count":1,"href":"https:\/\/zjarr.tv\/en\/wp-json\/wp\/v2\/posts\/428342\/revisions"}],"predecessor-version":[{"id":428344,"href":"https:\/\/zjarr.tv\/en\/wp-json\/wp\/v2\/posts\/428342\/revisions\/428344"}],"wp:featuredmedia":[{"embeddable":true,"href":"https:\/\/zjarr.tv\/en\/wp-json\/wp\/v2\/media\/428343"}],"wp:attachment":[{"href":"https:\/\/zjarr.tv\/en\/wp-json\/wp\/v2\/media?parent=428342"}],"wp:term":[{"taxonomy":"category","embeddable":true,"href":"https:\/\/zjarr.tv\/en\/wp-json\/wp\/v2\/categories?post=428342"},{"taxonomy":"post_tag","embeddable":true,"href":"https:\/\/zjarr.tv\/en\/wp-json\/wp\/v2\/tags?post=428342"}],"curies":[{"name":"wp","href":"https:\/\/api.w.org\/{rel}","templated":true}]}}