{"id":428354,"date":"2026-04-29T14:25:53","date_gmt":"2026-04-29T12:25:53","guid":{"rendered":"https:\/\/zjarr.tv\/?p=428354"},"modified":"2026-04-29T14:25:55","modified_gmt":"2026-04-29T12:25:55","slug":"perplasja-e-forte-me-fatos-nanon-klosi-biseda-e-fundit-kur-me-pushoi-nga-kryetar-i-shish","status":"publish","type":"post","link":"https:\/\/zjarr.tv\/en\/perplasja-e-forte-me-fatos-nanon-klosi-biseda-e-fundit-kur-me-pushoi-nga-kryetar-i-shish\/","title":{"rendered":"P\u00ebrplasja e fort\u00eb me Fatos Nanon, Klosi: Biseda e fundit kur m\u00eb pushoi nga kryetar i SHISH"},"content":{"rendered":"<p>Ish-kreu i SHISH, Fatos Klosi, ka rr\u00ebfyer p\u00ebrplasjet e forta me ish-kryeministrin Fatos Nano.<\/p>\n\n\n\n<p>I ftuar n\u00eb studion e QUO VADIS ai zbuloi detaje nga raporti i tyre dhe momentet q\u00eb \u00e7uan n\u00eb largimin e Klosit nga detyra.<\/p>\n\n\n\n<p>Ish-kreu i SHISH u shpreh se p\u00ebrplasja me Nanon erdhi n\u00eb fund t\u00eb mandatit t\u00eb tij n\u00eb SHIK, nd\u00ebrsa theksoi se vendimi p\u00ebr largimin nuk ishte i tij, por nj\u00eb vendim politik.<\/p>\n\n\n\n<p>Fatos Klosi:&nbsp;Kryeministri i koh\u00ebs, Fatos Nano, ma propozoi. I thash\u00eb \u00e7far\u00eb do nga un\u00eb q\u00eb po ma propozon. M\u00eb tha asgj\u00eb, as un\u00eb nuk e di \u00e7far\u00eb \u00ebsht\u00eb, vet\u00ebm dua t\u2019i ndryshosh emrin, sepse n\u00eb at\u00eb koh\u00eb kishte nj\u00eb em\u00ebr n\u00eb popull. M\u00eb tha q\u00eb n\u00ebse shkel ligjin, nuk t\u00eb mbron m\u00eb askush.&nbsp;Un\u00eb pata me Fatosin p\u00ebrplasje kur ika n\u00eb fund.<\/p>\n\n\n\n<p>Mua m\u00eb larguan nga SHISH, nuk u largova. P\u00ebrplasja ka qen\u00eb me Fatosin. Nuk pata m\u00eb von\u00eb komunikime. K\u00ebshill\u00ebn q\u00eb m\u00eb dha n\u00eb fillim e mbajta parasysh dhe ajo m\u00eb shp\u00ebtoi. Fatosi ishte kryeminist\u00ebr i vendit dhe b\u00ebri dy akuza nga prokuroria, por nuk funksionuan sepse nuk e kisha shkelur ligjin.<\/p>\n\n\n\n<p>Ishte nj\u00eb pun\u00eb q\u00eb m\u00eb p\u00eblqente. Problemi kryesor, si n\u00eb \u00e7do institucion hetimor dhe shkencor, \u00ebsht\u00eb analiza nga e cila dalin detyra t\u00eb reja. Nuk e ndjeva veten t\u00eb prapambetur. Njer\u00ebzit e din\u00eb q\u00eb zhurmat jan\u00eb propagand\u00eb m\u00eb tep\u00ebr sesa baz\u00eb reale.<\/p>\n\n\n\n<p>Sa ika nga SHISH, shkova n\u00eb Fakultetin e Shkencave dhe nuk kam pasur m\u00eb probleme. Nj\u00ebri q\u00eb ishte pjes\u00eb e SHISH nuk ishte mir\u00eb, m\u00eb erdhi posht\u00eb pallatit dhe m\u00eb gjuajti me grusht, por kaq.&nbsp;Ka pasur edhe njer\u00ebz q\u00eb kan\u00eb hedhur romuze, por kam b\u00ebr\u00eb sikur nuk kam d\u00ebgjuar.&nbsp;Fatosi u p\u00ebrpoq t\u00eb demokratizonte partin\u00eb dhe shtetin q\u00eb drejtonte.<\/p>\n\n\n\n<p>Nuk e kund\u00ebrshtoj dot sepse ishim nj\u00eb vend me president Sali Berisha dhe nj\u00eb parti q\u00eb b\u00ebnte \u00e7far\u00eb thoshte ai. Fatosi ishte tolerant dhe njeri me kultur\u00eb, por i pap\u00ebrgjegjsh\u00ebm. Asnj\u00ebher\u00eb nuk \u00ebsht\u00eb sjell\u00eb si kryeminist\u00ebr. Fatosi i merrte vendimet n\u00eb kafene.<\/p>","protected":false},"excerpt":{"rendered":"<p>Ish-kreu i SHISH, Fatos Klosi, ka rr\u00ebfyer p\u00ebrplasjet e forta me ish-kryeministrin Fatos Nano. I ftuar n\u00eb studion e QUO VADIS ai zbuloi detaje nga raporti i tyre dhe momentet q\u00eb \u00e7uan n\u00eb largimin e Klosit nga detyra. Ish-kreu i SHISH u shpreh se p\u00ebrplasja me Nanon erdhi n\u00eb fund t\u00eb mandatit t\u00eb tij n\u00eb [&hellip;]<\/p>\n","protected":false},"author":2013,"featured_media":428355,"comment_status":"closed","ping_status":"closed","sticky":false,"template":"","format":"standard","meta":{"footnotes":""},"categories":[241,364,5380,231,1454,235],"tags":[],"class_list":{"0":"post-428354","1":"post","2":"type-post","3":"status-publish","4":"format-standard","5":"has-post-thumbnail","7":"category-aktualitet","8":"category-koment-opinion","9":"category-kryesore","10":"category-lajme","11":"category-politike","12":"category-vendi"},"_links":{"self":[{"href":"https:\/\/zjarr.tv\/en\/wp-json\/wp\/v2\/posts\/428354","targetHints":{"allow":["GET"]}}],"collection":[{"href":"https:\/\/zjarr.tv\/en\/wp-json\/wp\/v2\/posts"}],"about":[{"href":"https:\/\/zjarr.tv\/en\/wp-json\/wp\/v2\/types\/post"}],"author":[{"embeddable":true,"href":"https:\/\/zjarr.tv\/en\/wp-json\/wp\/v2\/users\/2013"}],"replies":[{"embeddable":true,"href":"https:\/\/zjarr.tv\/en\/wp-json\/wp\/v2\/comments?post=428354"}],"version-history":[{"count":1,"href":"https:\/\/zjarr.tv\/en\/wp-json\/wp\/v2\/posts\/428354\/revisions"}],"predecessor-version":[{"id":428356,"href":"https:\/\/zjarr.tv\/en\/wp-json\/wp\/v2\/posts\/428354\/revisions\/428356"}],"wp:featuredmedia":[{"embeddable":true,"href":"https:\/\/zjarr.tv\/en\/wp-json\/wp\/v2\/media\/428355"}],"wp:attachment":[{"href":"https:\/\/zjarr.tv\/en\/wp-json\/wp\/v2\/media?parent=428354"}],"wp:term":[{"taxonomy":"category","embeddable":true,"href":"https:\/\/zjarr.tv\/en\/wp-json\/wp\/v2\/categories?post=428354"},{"taxonomy":"post_tag","embeddable":true,"href":"https:\/\/zjarr.tv\/en\/wp-json\/wp\/v2\/tags?post=428354"}],"curies":[{"name":"wp","href":"https:\/\/api.w.org\/{rel}","templated":true}]}}