{"id":428357,"date":"2026-05-01T10:23:11","date_gmt":"2026-05-01T08:23:11","guid":{"rendered":"https:\/\/zjarr.tv\/?p=428357"},"modified":"2026-05-01T10:23:14","modified_gmt":"2026-05-01T08:23:14","slug":"meta-interviste-nga-burgu-ja-kur-nisi-krisja-me-kryemadhin","status":"publish","type":"post","link":"https:\/\/zjarr.tv\/en\/meta-interviste-nga-burgu-ja-kur-nisi-krisja-me-kryemadhin\/","title":{"rendered":"Meta intervist\u00eb nga burgu: Ja kur nisi krisja me Kryemadhin"},"content":{"rendered":"<p>Ish-presidenti Ilir Meta ka dh\u00ebn\u00eb nj\u00eb intervist\u00eb p\u00ebr emisionin Opinion n\u00eb Tv Klan, nga qelia, ku u pyet n\u00ebse rakordon veprimet me Monika Kryemadhin, pasi jan\u00eb bashk\u00eb t\u00eb pandehurit.<\/p>\n\n\n\n<p>Meta deklaroi se ndarja p\u00ebrfundimtare politike me zonj\u00ebn Kryemadhi ka ndodhur, kur \u00ebsht\u00eb marr\u00eb vendim nga ajo, p\u00ebr djegien e mandateve t\u00eb LSI-s\u00eb n\u00eb shkurt 2019.<\/p>\n\n\n\n<p><em>\u201cKjo ndarje politike u b\u00eb p\u00ebrfundimtare nga 21 N\u00ebntori 2023 dhe m\u00eb 27 Prill 2024 kur u b\u00eb Konventa Komb\u00ebtare e Partis\u00eb s\u00eb Liris\u00eb. Djegia e mandateve t\u00eb LSI m\u00eb vendosi v\u00ebrtet n\u00eb cep pasi mbeta President, i vet\u00ebm, p\u00ebrball\u00eb nj\u00eb Kuvendi me 122 mandate q\u00eb \u00e7do minut\u00eb mund t\u00eb m\u00eb shkarkonte\u201d, u shpreh Meta.<\/em><\/p>\n\n\n\n<p><strong>PYETJE<\/strong>:\u00a0<em>A rakordoni me procesin tuaj me Znj. Kryemadhi q\u00eb akuzohet bashk\u00eb me ju?<\/em><\/p>\n\n\n\n<p><strong>P\u00cbRGJIGJE:<\/strong>&nbsp;<em>Ndarja jon\u00eb reale politike ka nisur me vendimin e saj t\u00eb nj\u00ebansh\u00ebm p\u00ebr djegien e mandateve t\u00eb LSI n\u00eb shkurt 2019.<\/em><\/p>\n\n\n\n<p><em>Kjo ndarje politike u b\u00eb p\u00ebrfundimtare nga 21 N\u00ebntori 2023 dhe m\u00eb 27 Prill 2024 kur u b\u00eb Konventa Komb\u00ebtare e Partis\u00eb s\u00eb Liris\u00eb. Djegia e mandateve t\u00eb LSI m\u00eb vendosi v\u00ebrtet n\u00eb cep pasi mbeta President, i vet\u00ebm, p\u00ebrball\u00eb nj\u00eb Kuvendi me 122 mandate q\u00eb \u00e7do minut\u00eb mund t\u00eb m\u00eb shkarkonte.<\/em><\/p>\n\n\n\n<p><em>Shtoji k\u00ebsaj situate edhe grupin e strukturuar diplomatik t\u00eb asaj kohe. Por at\u00eb dit\u00eb q\u00eb vura dor\u00ebn mbi Kushtetut\u00eb si President, u betova se jo vet\u00ebm do ta mbroja Kushtetut\u00ebn me \u00e7do \u00e7mim e n\u00eb \u00e7do rrethan\u00eb, por edhe se do ta p\u00ebrfundoja t\u00eb plot\u00eb deri dit\u00ebn e fundit mandatin, ashtu si\u00e7 ndodhi.<\/em><\/p>\n\n\n\n<p><em>Tani q\u00eb t\u2019iu p\u00ebrgjigjem pa asnj\u00eb ekuivok. Nuk ekziston asnj\u00eb rakordim midis meje dhe Znj. Kryemadhi, as p\u00ebr procesin gjyq\u00ebsor dhe p\u00ebr asgj\u00eb tjet\u00ebr.<\/em><\/p>\n\n\n\n<p><em>Po k\u00ebshtu, p\u00ebrgjegj\u00ebsit\u00eb tona ligjore jan\u00eb shum\u00eb t\u00eb ndara edhe pse prokuror\u00ebt duan t\u00eb na bashkojn\u00eb n\u00eb k\u00ebt\u00eb proces n\u00eb m\u00ebnyr\u00eb shum\u00eb t\u00eb sforcuar, sepse p\u00ebrgjegj\u00ebsia penale \u00ebsht\u00eb individuale.<\/em><\/p>\n\n\n\n<p><em>Lidhur me \u00e7\u00ebshtjen CEZ-DIA, Znj. Kryemadhi nuk ka asnj\u00eb lidhje.<\/em><\/p>\n\n\n\n<p><em>Lidhur me lobimet p\u00ebr McKeon Group, ajo nuk ka asnj\u00eb lidhje, pasi \u00ebsht\u00eb \u00e7\u00ebshtje ku jam p\u00ebrfshir\u00eb vet\u00ebm un\u00eb me k\u00ebrkes\u00ebn dashamir\u00ebse t\u00eb Vangjel Tavos n\u00eb at\u00eb koh\u00eb.<\/em><\/p>\n\n\n\n<p><em>Vet\u00eb autoritetet amerikane e \u00e7montuan shpifjen e 1 milion dollar\u00ebve t\u00eb botuar nga Mother Jones dhe Austri, etj. \u00cbsht\u00eb provuar se ka vet\u00ebm nj\u00eb pages\u00eb t\u00eb ligjshme 15 mij\u00eb dollar\u00eb dhe kjo p\u00ebrmes bank\u00ebs dhe me vendim t\u00eb Kryesis\u00eb s\u00eb LSI.<\/em><\/p>\n\n\n\n<p><em>Lidhur me marr\u00ebveshjen LSI \u2013 GSIS ajo \u00ebsht\u00eb shum\u00eb precize dhe un\u00eb nuk kam asnj\u00eb firm\u00eb apo autorizim p\u00ebr pagesa. Sidoqoft\u00eb, marr \u00e7do p\u00ebrgjegj\u00ebsi ligjore p\u00ebr k\u00ebt\u00eb marr\u00ebveshje deri n\u00eb prill 2017 kur kam dh\u00ebn\u00eb dor\u00ebheqje nga Kryetar i LSI pas zgjedhjes si President i Republik\u00ebs, sipas obligimeve t\u00eb statutit t\u00eb LSI.<\/em><\/p>\n\n\n\n<p><em>Vet\u00ebm prokuror\u00ebt politik\u00eb mund t\u2019u k\u00ebrkojn\u00eb t\u00eb dh\u00ebna autoriteteve amerikane p\u00ebr k\u00ebt\u00eb marr\u00ebveshje me LSI, p\u00ebr Ilir Met\u00ebn, si Kryetar i saj deri n\u00eb vitin 2018 (!!!).<\/em><\/p>\n\n\n\n<p><em>Po k\u00ebshtu, vet\u00ebm prokuror\u00ebt politik\u00eb mund t\u2019i g\u00ebnjejn\u00eb zyrtarisht autoritetet amerikane t\u00eb drejt\u00ebsis\u00eb si\u00e7 \u00ebsht\u00eb let\u00ebrporosia e 11 Marsit 2025, se gjoja ata kishin provuar se i pandehuri Ilir Meta ka p\u00ebrdorur 3 karta amerikane (!!!).<\/em><\/p>\n\n\n\n<p><em>N\u00ebse ata provojn\u00eb gjat\u00eb gjyqit se un\u00eb kam p\u00ebrdorur ndonj\u00ebher\u00eb nj\u00eb kart\u00eb shqiptare e jo amerikane apo afrikane, iki p\u00ebrgjithmon\u00eb nga politika dhe jeta publike.<\/em><\/p>\n\n\n\n<p><em>Pra n\u00eb akuz\u00ebn prej 220 faqesh jan\u00eb vet\u00ebm 30 faqe p\u00ebr CEZ-DIA plot g\u00ebnjeshtra dhe asgj\u00eb tjet\u00ebr p\u00ebr mua.<\/em><\/p>\n\n\n\n<p><em>Subjekti i posa\u00e7\u00ebm p\u00ebr deklarimin e shpenzimeve apo pasuris\u00eb mban p\u00ebrgjegj\u00ebsi penale vet\u00ebm p\u00ebr ato q\u00eb deklaron vet\u00eb dhe jo personi i lidhur me t\u00eb, i cili mban vet\u00eb p\u00ebrgjegj\u00ebsi p\u00ebr \u00e7far\u00eb deklaron.<\/em><\/p>\n\n\n\n<p><em>Nuk ekziston asnj\u00eb shpenzim i padeklaruar nga un\u00eb.<\/em><\/p>\n\n\n\n<p><em>Znj. Kryemadhi dhe n\u00ebna e saj kan\u00eb patur shum\u00eb t\u00eb ardhura t\u00eb ligjshme dhe pasuri t\u00eb patundshme q\u00eb jan\u00eb publike.<\/em><\/p>\n\n\n\n<p><em>Un\u00eb kurr\u00eb nuk jam p\u00ebrzjer\u00eb me llogarit\u00eb dhe interesat e tyre, aq m\u00eb tep\u00ebr t\u00eb kush\u00ebrirave dhe kush\u00ebrinjve t\u00eb tyre.<\/em><\/p>\n\n\n\n<p><em>Sidoqoft\u00eb ato kan\u00eb avokat\u00ebt e tyre.<\/em><\/p>\n\n\n\n<p><em>Po k\u00ebshtu, asgj\u00ebkundi n\u00eb&nbsp; akuz\u00eb pas \u00e7\u00ebshtjes CEZ-DIA, nuk ekziston asnj\u00eb veprim, e-mail, sms e imja p\u00ebr t\u00eb gjitha episodet e p\u00ebrfshira.<\/em><\/p>\n\n\n\n<p><em>Thjesht \u201ctelefon i prishur\u201d.<\/em><\/p>\n\n\n\n<p><em>Natyrisht edhe \u00ebndrra e parealizuar p\u00ebr t\u00eb krijuar prova penale, k\u00ebtu p\u00ebrmes izolimit ekstrem e provokimeve ordinere.<\/em><\/p>\n\n\n\n<p><em>Sidoqoft\u00eb, i falenderoj p\u00ebr vettingun 34-vje\u00e7ar q\u00eb m\u00eb kan\u00eb b\u00ebr\u00eb.<\/em><\/p>","protected":false},"excerpt":{"rendered":"<p>Ish-presidenti Ilir Meta ka dh\u00ebn\u00eb nj\u00eb intervist\u00eb p\u00ebr emisionin Opinion n\u00eb Tv Klan, nga qelia, ku u pyet n\u00ebse rakordon veprimet me Monika Kryemadhin, pasi jan\u00eb bashk\u00eb t\u00eb pandehurit. Meta deklaroi se ndarja p\u00ebrfundimtare politike me zonj\u00ebn Kryemadhi ka ndodhur, kur \u00ebsht\u00eb marr\u00eb vendim nga ajo, p\u00ebr djegien e mandateve t\u00eb LSI-s\u00eb n\u00eb shkurt 2019. [&hellip;]<\/p>\n","protected":false},"author":2013,"featured_media":428358,"comment_status":"closed","ping_status":"closed","sticky":false,"template":"","format":"standard","meta":{"footnotes":""},"categories":[241,364,5380,231,1454,235],"tags":[],"class_list":{"0":"post-428357","1":"post","2":"type-post","3":"status-publish","4":"format-standard","5":"has-post-thumbnail","7":"category-aktualitet","8":"category-koment-opinion","9":"category-kryesore","10":"category-lajme","11":"category-politike","12":"category-vendi"},"_links":{"self":[{"href":"https:\/\/zjarr.tv\/en\/wp-json\/wp\/v2\/posts\/428357","targetHints":{"allow":["GET"]}}],"collection":[{"href":"https:\/\/zjarr.tv\/en\/wp-json\/wp\/v2\/posts"}],"about":[{"href":"https:\/\/zjarr.tv\/en\/wp-json\/wp\/v2\/types\/post"}],"author":[{"embeddable":true,"href":"https:\/\/zjarr.tv\/en\/wp-json\/wp\/v2\/users\/2013"}],"replies":[{"embeddable":true,"href":"https:\/\/zjarr.tv\/en\/wp-json\/wp\/v2\/comments?post=428357"}],"version-history":[{"count":1,"href":"https:\/\/zjarr.tv\/en\/wp-json\/wp\/v2\/posts\/428357\/revisions"}],"predecessor-version":[{"id":428359,"href":"https:\/\/zjarr.tv\/en\/wp-json\/wp\/v2\/posts\/428357\/revisions\/428359"}],"wp:featuredmedia":[{"embeddable":true,"href":"https:\/\/zjarr.tv\/en\/wp-json\/wp\/v2\/media\/428358"}],"wp:attachment":[{"href":"https:\/\/zjarr.tv\/en\/wp-json\/wp\/v2\/media?parent=428357"}],"wp:term":[{"taxonomy":"category","embeddable":true,"href":"https:\/\/zjarr.tv\/en\/wp-json\/wp\/v2\/categories?post=428357"},{"taxonomy":"post_tag","embeddable":true,"href":"https:\/\/zjarr.tv\/en\/wp-json\/wp\/v2\/tags?post=428357"}],"curies":[{"name":"wp","href":"https:\/\/api.w.org\/{rel}","templated":true}]}}