{"id":428360,"date":"2026-05-01T10:48:30","date_gmt":"2026-05-01T08:48:30","guid":{"rendered":"https:\/\/zjarr.tv\/?p=428360"},"modified":"2026-05-01T10:48:32","modified_gmt":"2026-05-01T08:48:32","slug":"1-maj-proteste-perpara-ministrise-se-ekonomise-dhe-kryeministrise-qytetaret-kerkojne-te-drejtat-ne-pune","status":"publish","type":"post","link":"https:\/\/zjarr.tv\/en\/1-maj-proteste-perpara-ministrise-se-ekonomise-dhe-kryeministrise-qytetaret-kerkojne-te-drejtat-ne-pune\/","title":{"rendered":"1 Maj\/ Protest\u00eb p\u00ebrpara ministris\u00eb s\u00eb Ekonomis\u00eb dhe kryeministris\u00eb, qytetar\u00ebt k\u00ebrkojn\u00eb t\u00eb drejtat n\u00eb pun\u00eb!"},"content":{"rendered":"<p>N\u00eb dit\u00ebn nd\u00ebrkomb\u00ebtare t\u00eb 1 Majit, e njohur si\u00a0Dita e Pun\u00ebtor\u00ebve, Unioni i Sindikatave ka organizuar nj\u00eb\u00a0protest\u00eb\u00a0p\u00ebrpara Ministris\u00eb s\u00eb Ekonomis\u00eb.<\/p>\n\n\n\n<p>\u201c<em>Jeta e pun\u00ebtorit nuk \u00ebsht\u00eb kosto biznesi<\/em>\u201d,&nbsp;<em>\u201cPag\u00eb p\u00ebr t\u00eb jetuar, jo p\u00ebr t\u00eb mbijetuar\u201d&nbsp;<\/em>shkruhet n\u00eb disa prej pankartave q\u00eb mbahen n\u00ebp\u00ebr duar nga qytetar\u00ebt q\u00eb kan\u00eb dal\u00eb p\u00ebr t\u00eb protestuar p\u00ebr t\u00eb drejtat n\u00eb pun\u00eb. P\u00ebrve\u00e7 numrit t\u00eb pakt\u00ebt, vihet re dhe mungesa n\u00eb mas\u00eb e t\u00eb rinjve.<\/p>\n\n\n\n<p>P\u00ebrve\u00e7 ngritjes s\u00eb nj\u00eb ministrie t\u00eb posa\u00e7me pune, qytetar\u00ebt k\u00ebrkojn\u00eb gjithashtu dhe miratimin e nj\u00eb minimumi jetik dinjitoz.<\/p>\n\n\n\n<p>\u201cSot nuk do t\u00eb themi fjal\u00eb t\u00eb bukura, por do t\u00eb k\u00ebrkojm\u00eb t\u00eb drejtat tona, t\u00eb drejtat e pun\u00ebtor\u00ebve. Mblidhemi jo vet\u00ebm p\u00ebr t\u00eb kujtuar historin\u00eb e 1 majit, por p\u00ebr t\u00eb k\u00ebrkuar t\u00eb ardhmen q\u00eb meritojm\u00eb. \u00cbsht\u00eb thirrje p\u00ebr drejt\u00ebsi, barazi, p\u00ebr t\u00eb drejta n\u00eb pun\u00eb. Sot \u00ebsht\u00eb rritur numri i vdekjeve n\u00eb vendin e pun\u00ebs me 45% krahasuar me nj\u00eb vit m\u00eb par\u00eb.<\/p>\n\n\n\n<p>\u00cbsht\u00eb dyfishuar numri i aksidenteve n\u00eb pun\u00eb. Institucionet p\u00ebrgjegj\u00ebsve nuk b\u00ebjn\u00eb kontrolle reale. Duhet t\u00eb ket\u00eb nj\u00eb ministri Pune, ve\u00e7an\u00ebrisht p\u00ebr pun\u00ebtor\u00ebt.\u00a01 maji\u00a0\u00ebsht\u00eb protest\u00eb, jo fest\u00eb. Jo vdekje n\u00eb pun\u00eb. Duam siguri. Duhet t\u00eb miratohet n\u00eb parlament minimumi jetik.\u201d, tha nd\u00ebr t\u00eb tjera Kondi Lija, drejtor i Unionit t\u00eb Sindikatave t\u00eb Shqip\u00ebris\u00eb.<\/p>\n\n\n\n<p>Nd\u00ebrkoh\u00eb nj\u00eb tjet\u00ebr protest\u00eb po zhvillohet p\u00ebrpara kryeministris\u00eb nga Konfederata e Sindikatave t\u00eb Shqip\u00ebris\u00eb.<\/p>","protected":false},"excerpt":{"rendered":"<p>N\u00eb dit\u00ebn nd\u00ebrkomb\u00ebtare t\u00eb 1 Majit, e njohur si\u00a0Dita e Pun\u00ebtor\u00ebve, Unioni i Sindikatave ka organizuar nj\u00eb\u00a0protest\u00eb\u00a0p\u00ebrpara Ministris\u00eb s\u00eb Ekonomis\u00eb. \u201cJeta e pun\u00ebtorit nuk \u00ebsht\u00eb kosto biznesi\u201d,&nbsp;\u201cPag\u00eb p\u00ebr t\u00eb jetuar, jo p\u00ebr t\u00eb mbijetuar\u201d&nbsp;shkruhet n\u00eb disa prej pankartave q\u00eb mbahen n\u00ebp\u00ebr duar nga qytetar\u00ebt q\u00eb kan\u00eb dal\u00eb p\u00ebr t\u00eb protestuar p\u00ebr t\u00eb drejtat n\u00eb pun\u00eb. [&hellip;]<\/p>\n","protected":false},"author":2013,"featured_media":428361,"comment_status":"closed","ping_status":"closed","sticky":false,"template":"","format":"standard","meta":{"footnotes":""},"categories":[241,364,5380,231,235],"tags":[],"class_list":{"0":"post-428360","1":"post","2":"type-post","3":"status-publish","4":"format-standard","5":"has-post-thumbnail","7":"category-aktualitet","8":"category-koment-opinion","9":"category-kryesore","10":"category-lajme","11":"category-vendi"},"_links":{"self":[{"href":"https:\/\/zjarr.tv\/en\/wp-json\/wp\/v2\/posts\/428360","targetHints":{"allow":["GET"]}}],"collection":[{"href":"https:\/\/zjarr.tv\/en\/wp-json\/wp\/v2\/posts"}],"about":[{"href":"https:\/\/zjarr.tv\/en\/wp-json\/wp\/v2\/types\/post"}],"author":[{"embeddable":true,"href":"https:\/\/zjarr.tv\/en\/wp-json\/wp\/v2\/users\/2013"}],"replies":[{"embeddable":true,"href":"https:\/\/zjarr.tv\/en\/wp-json\/wp\/v2\/comments?post=428360"}],"version-history":[{"count":1,"href":"https:\/\/zjarr.tv\/en\/wp-json\/wp\/v2\/posts\/428360\/revisions"}],"predecessor-version":[{"id":428362,"href":"https:\/\/zjarr.tv\/en\/wp-json\/wp\/v2\/posts\/428360\/revisions\/428362"}],"wp:featuredmedia":[{"embeddable":true,"href":"https:\/\/zjarr.tv\/en\/wp-json\/wp\/v2\/media\/428361"}],"wp:attachment":[{"href":"https:\/\/zjarr.tv\/en\/wp-json\/wp\/v2\/media?parent=428360"}],"wp:term":[{"taxonomy":"category","embeddable":true,"href":"https:\/\/zjarr.tv\/en\/wp-json\/wp\/v2\/categories?post=428360"},{"taxonomy":"post_tag","embeddable":true,"href":"https:\/\/zjarr.tv\/en\/wp-json\/wp\/v2\/tags?post=428360"}],"curies":[{"name":"wp","href":"https:\/\/api.w.org\/{rel}","templated":true}]}}