{"id":428363,"date":"2026-05-01T11:17:50","date_gmt":"2026-05-01T09:17:50","guid":{"rendered":"https:\/\/zjarr.tv\/?p=428363"},"modified":"2026-05-01T11:17:52","modified_gmt":"2026-05-01T09:17:52","slug":"andi-bushati-elisa-eshte-si-meremja-sherbejne-si-pasqyre-per-te-pare-te-madhin","status":"publish","type":"post","link":"https:\/\/zjarr.tv\/en\/andi-bushati-elisa-eshte-si-meremja-sherbejne-si-pasqyre-per-te-pare-te-madhin\/","title":{"rendered":"Andi Bushati: Elisa \u00ebsht\u00eb si Meremja, sh\u00ebrbejn\u00eb si pasqyr\u00eb p\u00ebr t\u00eb par\u00eb t\u00eb Madhin"},"content":{"rendered":"<p>Analisti Andi Bushati hodhi nj\u00eb paralele mes ish-ministres Elisa Spiropali t\u00eb PS-s\u00eb me Mereme Sel\u00ebn, kandidate p\u00ebr kryetare t\u00eb PD-s\u00eb, si nj\u00eb mund\u00ebsi q\u00eb ato ofrojn\u00eb p\u00ebr t\u00eb par\u00eb modelin e kryetarit t\u00eb partis\u00eb.<\/p>\n\n\n\n<p>Bushati u shpreh se pas kontrolleve t\u00eb tatimor\u00ebve ndaj bizneseve t\u00eb familjar\u00ebve t\u00eb Spiropalit \u00ebsht\u00eb vet\u00eb Rama.<\/p>\n\n\n\n<p><em>\u201cKur fol\u00ebm p\u00ebr Berish\u00ebn, thash\u00eb q\u00eb Elisa \u00ebsht\u00eb si Meremja, por edhe Meremja dhe Elisa, nuk kan\u00eb vler\u00eb p\u00ebr at\u00eb q\u00eb b\u00ebjn\u00eb, por kan\u00eb vler\u00eb kur sh\u00ebrbejn\u00eb si pasqyr\u00eb p\u00ebr t\u00eb par\u00eb t\u00eb madhin. Ore n\u00eb \u00e7far\u00eb halli duhet t\u00eb jet\u00eb Rama, q\u00eb t\u00eb shqet\u00ebsohet nga disa statuse t\u00eb Elis\u00ebs? N\u00eb \u00e7far\u00eb halli duhet t\u00eb jet\u00eb Rama, q\u00eb t\u2019i m\u00ebsyjn\u00eb tatimet kompanive t\u00eb burrit dhe kunatit t\u00eb Spiropalit?<\/em><\/p>\n\n\n\n<p><em>Spriopali, numri 2 i k\u00ebtij shteti, na tregon shtetin brutal dhe t\u00eb dhnsh\u00ebm q\u00eb kemi. Ajo \u00ebsht\u00eb viktim\u00eb e rast\u00ebsishme q\u00eb po vuan brutalitetin e shtetit, q\u00eb ka kontribuar p\u00ebr t\u00eb qen\u00eb kaq brutal. Prandaj nuk ka vler\u00eb statusi, por ka vler\u00ebn, ose cfar\u00eb halli ka Rama? Nj\u00eb opsion, duke ditur q\u00eb asaj partie nuk i ka ngelur asnj\u00eb moral, thon\u00eb e kemi dhjer\u00eb duke vjedhur, ai duhet t\u00eb hesht\u00eb \u00e7do z\u00eb kund\u00ebr. Prandaj i thot\u00eb pusho se t\u00eb p\u00ebrjashton. Prandaj tregohet e dhunshme duke p\u00ebrdorur shtetin p\u00ebr ta frik\u00ebsuar dhe shantazhuar. B\u00ebm\u00eb shkrim te Lapsi, dhe investuam q\u00eb ishin njer\u00ebzit e Ballukut n\u00eb tatime. Mendova mund t\u00eb jet\u00eb inat femrash, por kur e p\u00ebrs\u00ebriti Rama, q\u00eb po u sole k\u00ebshtu t\u00eb p\u00ebrjashton, d.m.th. njer\u00ebzit e Ballukut nuk kan\u00eb vepruar me urdh\u00ebr t\u00eb Ballukut, por me miratim t\u00eb Ram\u00ebs.<\/em><\/p>\n\n\n\n<p><em>Merre me mend \u00e7far\u00eb b\u00ebhet me opozit\u00ebn dhe median, kur sillen k\u00ebshtu me Mamic\u00ebn\u201d,<\/em>\u00a0tha Bushati.<\/p>","protected":false},"excerpt":{"rendered":"<p>Analisti Andi Bushati hodhi nj\u00eb paralele mes ish-ministres Elisa Spiropali t\u00eb PS-s\u00eb me Mereme Sel\u00ebn, kandidate p\u00ebr kryetare t\u00eb PD-s\u00eb, si nj\u00eb mund\u00ebsi q\u00eb ato ofrojn\u00eb p\u00ebr t\u00eb par\u00eb modelin e kryetarit t\u00eb partis\u00eb. Bushati u shpreh se pas kontrolleve t\u00eb tatimor\u00ebve ndaj bizneseve t\u00eb familjar\u00ebve t\u00eb Spiropalit \u00ebsht\u00eb vet\u00eb Rama. \u201cKur fol\u00ebm p\u00ebr Berish\u00ebn, [&hellip;]<\/p>\n","protected":false},"author":2013,"featured_media":428364,"comment_status":"closed","ping_status":"closed","sticky":false,"template":"","format":"standard","meta":{"footnotes":""},"categories":[241,364,5380,231,1454,235],"tags":[],"class_list":{"0":"post-428363","1":"post","2":"type-post","3":"status-publish","4":"format-standard","5":"has-post-thumbnail","7":"category-aktualitet","8":"category-koment-opinion","9":"category-kryesore","10":"category-lajme","11":"category-politike","12":"category-vendi"},"_links":{"self":[{"href":"https:\/\/zjarr.tv\/en\/wp-json\/wp\/v2\/posts\/428363","targetHints":{"allow":["GET"]}}],"collection":[{"href":"https:\/\/zjarr.tv\/en\/wp-json\/wp\/v2\/posts"}],"about":[{"href":"https:\/\/zjarr.tv\/en\/wp-json\/wp\/v2\/types\/post"}],"author":[{"embeddable":true,"href":"https:\/\/zjarr.tv\/en\/wp-json\/wp\/v2\/users\/2013"}],"replies":[{"embeddable":true,"href":"https:\/\/zjarr.tv\/en\/wp-json\/wp\/v2\/comments?post=428363"}],"version-history":[{"count":1,"href":"https:\/\/zjarr.tv\/en\/wp-json\/wp\/v2\/posts\/428363\/revisions"}],"predecessor-version":[{"id":428365,"href":"https:\/\/zjarr.tv\/en\/wp-json\/wp\/v2\/posts\/428363\/revisions\/428365"}],"wp:featuredmedia":[{"embeddable":true,"href":"https:\/\/zjarr.tv\/en\/wp-json\/wp\/v2\/media\/428364"}],"wp:attachment":[{"href":"https:\/\/zjarr.tv\/en\/wp-json\/wp\/v2\/media?parent=428363"}],"wp:term":[{"taxonomy":"category","embeddable":true,"href":"https:\/\/zjarr.tv\/en\/wp-json\/wp\/v2\/categories?post=428363"},{"taxonomy":"post_tag","embeddable":true,"href":"https:\/\/zjarr.tv\/en\/wp-json\/wp\/v2\/tags?post=428363"}],"curies":[{"name":"wp","href":"https:\/\/api.w.org\/{rel}","templated":true}]}}