{"id":428366,"date":"2026-05-01T11:52:12","date_gmt":"2026-05-01T09:52:12","guid":{"rendered":"https:\/\/zjarr.tv\/?p=428366"},"modified":"2026-05-01T11:52:14","modified_gmt":"2026-05-01T09:52:14","slug":"mereme-sela-nese-do-te-behesha-kryeministre-sali-berishen-nuk-do-e-beja-minister","status":"publish","type":"post","link":"https:\/\/zjarr.tv\/en\/mereme-sela-nese-do-te-behesha-kryeministre-sali-berishen-nuk-do-e-beja-minister\/","title":{"rendered":"Mereme Sela: N\u00ebse do t\u00eb b\u00ebhesha kryeministre, Sali Berish\u00ebn nuk do e b\u00ebja minist\u00ebr"},"content":{"rendered":"<p>Mereme Sela, t\u00eb cil\u00ebs iu pranua aplikimi p\u00ebr kandidate p\u00ebr kryetare t\u00eb PD-s\u00eb n\u00eb zgjedhjet e 23 majit, ka deklaruar se n\u00ebse nj\u00eb dit\u00eb do t\u00eb arrinte t\u00eb b\u00ebhej kryeministre, Sali Berish\u00ebn nuk do ta em\u00ebronte minist\u00ebr<\/p>\n\n\n\n<p>Komentet Sela i b\u00ebri n\u00eb emisionin \u2018Flontline\u2019 me gazetaren Marsela Karapan\u00e7o n\u00eb Report Tv, teksa u pyet nga juristi Kreshnik Spahiu, mbi vendimet q\u00eb do t\u00eb nd\u00ebrmerrte n\u00ebse do t\u00eb zgjidhej n\u00eb krye t\u00eb PD-s\u00eb dhe m\u00eb pas kryeministre.<\/p>\n\n\n\n<p><strong>Kreshnik Spahiu<\/strong>: A do e b\u00ebnit Sali Berish\u00ebn minist\u00ebr apo zv.minist\u00ebr n\u00ebse b\u00ebheni kryeministre?<\/p>\n\n\n\n<p><strong>Mereme Sela<\/strong>: N\u00ebse do b\u00ebhem kryetare e PD-s\u00eb, patjet\u00ebr i takon t\u00eb jem edhe kryeministrja. Mendoj se do t\u00eb jet\u00eb risi edhe p\u00ebr Shqip\u00ebrin\u00eb. Por ministra e deputet\u00eb, po flasim p\u00ebr frym\u00eb t\u00eb re.<\/p>\n\n\n\n<p><strong>Kreshnik Spahiu:<\/strong>&nbsp;K\u00ebshtu q\u00eb m\u00eb mir\u00eb djem dhe vajza t\u00eb reja n\u00eb vend t\u00eb Berish\u00ebs?<\/p>\n\n\n\n<p><strong>Mereme Sela<\/strong>: Patjet\u00ebr q\u00eb figura t\u00eb reja, me gjith\u00eb respektin p\u00ebr doktorin, p\u00ebr profesorin.<\/p>\n\n\n\n<p><strong>Kreshnik Spahiu<\/strong>: K\u00ebshtu q\u00eb m\u00eb mir\u00eb nivel zv.ministri apo drejtori, q\u00eb mos t\u00eb mb\u00ebtet pa gj\u00eb.<\/p>\n\n\n\n<p><a target=\"_blank\" href=\"https:\/\/www.facebook.com\/sharer\/sharer.php?u=https%3A%2F%2Falfapress.al%2Fpolitike%2Fmereme-sela-nese-do-te-behesha-kryeministre-sali-berishen-nuk-do-e-beja-i192459\" rel=\"noreferrer noopener\"><\/a><a target=\"_blank\" href=\"https:\/\/api.whatsapp.com\/send?text=Mereme%20Sela%3A%20N%C3%ABse%20do%20t%C3%AB%20b%C3%ABhesha%20kryeministre%2C%20Sali%20Berish%C3%ABn%20nuk%20do%20e%20b%C3%ABja%20minist%C3%ABr%20-%20POLITIK%C3%8B...https%3A%2F%2Falfapress.al%2Fpolitike%2Fmereme-sela-nese-do-te-behesha-kryeministre-sali-berishen-nuk-do-e-beja-i192459\" rel=\"noreferrer noopener\"><\/a><a target=\"_blank\" href=\"https:\/\/twitter.com\/intent\/tweet?text=Mereme%20Sela%3A%20N%C3%ABse%20do%20t%C3%AB%20b%C3%ABhesha%20kryeministre%2C%20Sali%20Berish%C3%ABn%20nuk%20do%20e%20b%C3%ABja%20minist%C3%ABr%20-%20POLITIK%C3%8B...https%3A%2F%2Falfapress.al%2Fpolitike%2Fmereme-sela-nese-do-te-behesha-kryeministre-sali-berishen-nuk-do-e-beja-i192459\" rel=\"noreferrer noopener\"><\/a><a target=\"_blank\" href=\"https:\/\/www.linkedin.com\/sharing\/share-offsite\/?url=https%3A%2F%2Falfapress.al%2Fpolitike%2Fmereme-sela-nese-do-te-behesha-kryeministre-sali-berishen-nuk-do-e-beja-i192459\" rel=\"noreferrer noopener\"><\/a><\/p>","protected":false},"excerpt":{"rendered":"<p>Mereme Sela, t\u00eb cil\u00ebs iu pranua aplikimi p\u00ebr kandidate p\u00ebr kryetare t\u00eb PD-s\u00eb n\u00eb zgjedhjet e 23 majit, ka deklaruar se n\u00ebse nj\u00eb dit\u00eb do t\u00eb arrinte t\u00eb b\u00ebhej kryeministre, Sali Berish\u00ebn nuk do ta em\u00ebronte minist\u00ebr Komentet Sela i b\u00ebri n\u00eb emisionin \u2018Flontline\u2019 me gazetaren Marsela Karapan\u00e7o n\u00eb Report Tv, teksa u pyet nga [&hellip;]<\/p>\n","protected":false},"author":2013,"featured_media":428367,"comment_status":"closed","ping_status":"closed","sticky":false,"template":"","format":"standard","meta":{"footnotes":""},"categories":[241,5380,231,1454,235],"tags":[],"class_list":{"0":"post-428366","1":"post","2":"type-post","3":"status-publish","4":"format-standard","5":"has-post-thumbnail","7":"category-aktualitet","8":"category-kryesore","9":"category-lajme","10":"category-politike","11":"category-vendi"},"_links":{"self":[{"href":"https:\/\/zjarr.tv\/en\/wp-json\/wp\/v2\/posts\/428366","targetHints":{"allow":["GET"]}}],"collection":[{"href":"https:\/\/zjarr.tv\/en\/wp-json\/wp\/v2\/posts"}],"about":[{"href":"https:\/\/zjarr.tv\/en\/wp-json\/wp\/v2\/types\/post"}],"author":[{"embeddable":true,"href":"https:\/\/zjarr.tv\/en\/wp-json\/wp\/v2\/users\/2013"}],"replies":[{"embeddable":true,"href":"https:\/\/zjarr.tv\/en\/wp-json\/wp\/v2\/comments?post=428366"}],"version-history":[{"count":1,"href":"https:\/\/zjarr.tv\/en\/wp-json\/wp\/v2\/posts\/428366\/revisions"}],"predecessor-version":[{"id":428368,"href":"https:\/\/zjarr.tv\/en\/wp-json\/wp\/v2\/posts\/428366\/revisions\/428368"}],"wp:featuredmedia":[{"embeddable":true,"href":"https:\/\/zjarr.tv\/en\/wp-json\/wp\/v2\/media\/428367"}],"wp:attachment":[{"href":"https:\/\/zjarr.tv\/en\/wp-json\/wp\/v2\/media?parent=428366"}],"wp:term":[{"taxonomy":"category","embeddable":true,"href":"https:\/\/zjarr.tv\/en\/wp-json\/wp\/v2\/categories?post=428366"},{"taxonomy":"post_tag","embeddable":true,"href":"https:\/\/zjarr.tv\/en\/wp-json\/wp\/v2\/tags?post=428366"}],"curies":[{"name":"wp","href":"https:\/\/api.w.org\/{rel}","templated":true}]}}