{"id":428369,"date":"2026-05-01T12:32:53","date_gmt":"2026-05-01T10:32:53","guid":{"rendered":"https:\/\/zjarr.tv\/?p=428369"},"modified":"2026-05-01T12:32:55","modified_gmt":"2026-05-01T10:32:55","slug":"kryemadhi-meta-iku-nga-shtepia-se-kercenova-vjehrrin-dhe-gruan-e-tedi-blushit","status":"publish","type":"post","link":"https:\/\/zjarr.tv\/en\/kryemadhi-meta-iku-nga-shtepia-se-kercenova-vjehrrin-dhe-gruan-e-tedi-blushit\/","title":{"rendered":"Kryemadhi: Meta iku nga sht\u00ebpia se k\u00ebrc\u00ebnova vjehrrin dhe gruan e Tedi Blushit"},"content":{"rendered":"<p>Monika Kryemadhi ka folur s\u00ebrish p\u00ebr ndarjen nga Ilir Meta, duke zbuluar arsyet q\u00eb \u00e7uan n\u00eb kriz\u00ebn familjare, e cila si\u00e7 tregoi ajo, nisi pasi Meta u largua nga banesa me pretendimin se ajo kishte k\u00ebrc\u00ebnuar vjehrrin dhe bashk\u00ebshorten e Tedi Blushit.<\/p>\n\n\n\n<p>Monika tha se ata do ishin bashk\u00eb n\u00ebse nuk do ishte dosja p\u00ebr t\u00eb cil\u00ebn ata jan\u00eb n\u00ebn hetim, pasi pik\u00ebrisht kjo dosje ka qen\u00eb arsyeja e divorcit.<\/p>\n\n\n\n<p>Nd\u00ebr t\u00eb tjera, ajo tha se n\u00eb gjith\u00eb situat\u00ebn ka pasur edhe nd\u00ebrhyrje p\u00ebr t\u00eb krijuar nj\u00eb mosbesim apo paragjykim t\u00eb Ilir Met\u00ebs jo vet\u00ebm ndaj saj, por edhe ndaj stafit t\u00eb tij t\u00eb vjet\u00ebr m\u00eb par\u00eb.<\/p>\n\n\n\n<p>Ajo shtoi se zhg\u00ebnjimi m\u00eb i madh lidhet me marr\u00ebdh\u00ebnien 30-vje\u00e7are q\u00eb ajo kishte me Met\u00ebn dhe ai, sipas saj, \u201ce shkeli me k\u00ebmb\u00eb\u201d p\u00ebr dik\u00eb q\u00eb njohu n\u00eb presidenc\u00eb, duke iu referuar k\u00ebtu Tedi Blushit.<\/p>\n\n\n\n<p><strong>Monika Kryemadhi:<\/strong>&nbsp;<em>Ai ka ikur nga sht\u00ebpia se un\u00eb i kam k\u00ebrc\u00ebnuar vjehrrin dhe gruan e Tedi Blushit dhe pastaj vazhdoj m\u00eb tutje. \u00cbsht\u00eb thirrur vjehrri i Tedi Blushit n\u00eb SPAK n\u00eb mars, pastaj n\u00eb maj \u00ebsht\u00eb b\u00ebr\u00eb n\u00ebndrejtor i spitalit t\u00eb burgut dhe mbas atakimit ka filluar agresiviteti, \u201cti m\u00eb p\u00ebrgjon, ti m\u00eb ke shitur, ti je b\u00ebr\u00eb bashk\u00ebpun\u00ebtor i SPAK\u201d dhe p\u00ebr k\u00ebt\u00eb arsye iku, kaq. E gjitha kjo \u00ebsht\u00eb.<\/em><\/p>\n\n\n\n<p><em>Kjo tronditi t\u00eb gjith\u00eb marr\u00ebdh\u00ebnien, por tani p\u00ebr mua s\u2019ka m\u00eb. Un\u00eb e kam th\u00ebn\u00eb dhe vazhdoj ta them, ana njer\u00ebzore e divorcit tim nuk ka lidhje me vendimet politike qoft\u00eb t\u00eb Ilir Met\u00ebs personale, apo t\u00eb mijat. M\u00ebnyra se si \u00ebsht\u00eb nd\u00ebrtuar dhe un\u00eb mendoj q\u00eb gjithmon\u00eb SPAK ka nd\u00ebrhyr\u00eb p\u00ebrmes personave t\u00eb caktuar, t\u00eb infiltruar p\u00ebr t\u00eb krijuar nj\u00eb mosbesim, apo paragjykim t\u00eb Ilir Met\u00ebs jo vet\u00ebm ndaj meje, por edhe ndaj stafit t\u00eb tij t\u00eb vjet\u00ebr m\u00eb par\u00eb.<\/em><\/p>\n\n\n\n<p><em>Ajo q\u00eb mua m\u00eb ka vrar\u00eb, \u00ebsht\u00eb se kur nj\u00eb njeri q\u00eb ka jetuar 30 vite me mua dhe un\u00eb kam b\u00ebr\u00eb \u00e7do gj\u00eb, dhe kam dh\u00ebn\u00eb maksimumin, por p\u00ebr at\u00eb s\u2019ka qen\u00eb, por p\u00ebr mua ka qen\u00eb trefishi. Un\u00eb jam shum\u00eb dakord q\u00eb mund t\u00eb m\u00eb shkel\u00eb me k\u00ebmb\u00eb Ilir Meta p\u00ebrball\u00eb n\u00ebn\u00ebs, babait, motr\u00ebs s\u00eb vet, familjar\u00ebve t\u00eb vet, por s\u2019mund t\u00eb m\u00eb shkel\u00ebsh me k\u00ebmb\u00eb dhe t\u00eb cenosh integritetin tim p\u00ebr nj\u00eb njeri q\u00eb e ke njohur n\u00eb presidenc\u00eb, rrog\u00ebtar.<\/em><\/p>\n\n\n\n<p><em>Ne do ishim bashk\u00eb. Dosja ka qen\u00eb arsyeja e divorcit, kjo \u00ebsht\u00eb nj\u00eb nga ato deklarata q\u00eb ai e ka b\u00ebr\u00eb shum\u00eb t\u00eb qart\u00eb dhe e ka b\u00ebr\u00eb n\u00eb nj\u00eb televizion ku faktikisht ato ambiente jan\u00eb pron\u00eb e familjes sime.<\/em><\/p>","protected":false},"excerpt":{"rendered":"<p>Monika Kryemadhi ka folur s\u00ebrish p\u00ebr ndarjen nga Ilir Meta, duke zbuluar arsyet q\u00eb \u00e7uan n\u00eb kriz\u00ebn familjare, e cila si\u00e7 tregoi ajo, nisi pasi Meta u largua nga banesa me pretendimin se ajo kishte k\u00ebrc\u00ebnuar vjehrrin dhe bashk\u00ebshorten e Tedi Blushit. Monika tha se ata do ishin bashk\u00eb n\u00ebse nuk do ishte dosja p\u00ebr [&hellip;]<\/p>\n","protected":false},"author":2013,"featured_media":428370,"comment_status":"closed","ping_status":"closed","sticky":false,"template":"","format":"standard","meta":{"footnotes":""},"categories":[241,364,5380,231,1454,235],"tags":[],"class_list":{"0":"post-428369","1":"post","2":"type-post","3":"status-publish","4":"format-standard","5":"has-post-thumbnail","7":"category-aktualitet","8":"category-koment-opinion","9":"category-kryesore","10":"category-lajme","11":"category-politike","12":"category-vendi"},"_links":{"self":[{"href":"https:\/\/zjarr.tv\/en\/wp-json\/wp\/v2\/posts\/428369","targetHints":{"allow":["GET"]}}],"collection":[{"href":"https:\/\/zjarr.tv\/en\/wp-json\/wp\/v2\/posts"}],"about":[{"href":"https:\/\/zjarr.tv\/en\/wp-json\/wp\/v2\/types\/post"}],"author":[{"embeddable":true,"href":"https:\/\/zjarr.tv\/en\/wp-json\/wp\/v2\/users\/2013"}],"replies":[{"embeddable":true,"href":"https:\/\/zjarr.tv\/en\/wp-json\/wp\/v2\/comments?post=428369"}],"version-history":[{"count":1,"href":"https:\/\/zjarr.tv\/en\/wp-json\/wp\/v2\/posts\/428369\/revisions"}],"predecessor-version":[{"id":428371,"href":"https:\/\/zjarr.tv\/en\/wp-json\/wp\/v2\/posts\/428369\/revisions\/428371"}],"wp:featuredmedia":[{"embeddable":true,"href":"https:\/\/zjarr.tv\/en\/wp-json\/wp\/v2\/media\/428370"}],"wp:attachment":[{"href":"https:\/\/zjarr.tv\/en\/wp-json\/wp\/v2\/media?parent=428369"}],"wp:term":[{"taxonomy":"category","embeddable":true,"href":"https:\/\/zjarr.tv\/en\/wp-json\/wp\/v2\/categories?post=428369"},{"taxonomy":"post_tag","embeddable":true,"href":"https:\/\/zjarr.tv\/en\/wp-json\/wp\/v2\/tags?post=428369"}],"curies":[{"name":"wp","href":"https:\/\/api.w.org\/{rel}","templated":true}]}}