{"id":428375,"date":"2026-05-01T13:39:31","date_gmt":"2026-05-01T11:39:31","guid":{"rendered":"https:\/\/zjarr.tv\/?p=428375"},"modified":"2026-05-01T13:39:34","modified_gmt":"2026-05-01T11:39:34","slug":"prec-zogaj-kritikon-zgjedhjet-ne-pd-eshte-e-gjitha-nje-farse","status":"publish","type":"post","link":"https:\/\/zjarr.tv\/en\/prec-zogaj-kritikon-zgjedhjet-ne-pd-eshte-e-gjitha-nje-farse\/","title":{"rendered":"Pre\u00e7 Zogaj kritikon zgjedhjet n\u00eb PD:\u00a0\u00cbsht\u00eb e gjitha nj\u00eb fars\u00eb"},"content":{"rendered":"<p>Analisti Pre\u00e7 Zogaj duke komentuar n\u00eb emisionin \u201cT\u00eb Paekspozuarit\u201d, n\u00eb MCN TV kandidimin e mjekes Mereme Sela p\u00ebrball\u00eb Sali Berish\u00ebs p\u00ebr kreun e PD-s\u00eb, u shpreh se e gjith\u00eb kjo e quajtur gar\u00eb \u00ebsht\u00eb nj\u00eb fars\u00eb.&nbsp;<\/p>\n\n\n\n<p>\u201cNuk ke \u00e7\u2019t\u00eb mendosh k\u00ebtu. \u00cbsht\u00eb e gjitha nj\u00eb fars\u00eb. Jan\u00eb demek zgjedhje sa p\u00ebr t\u2019i hequr, p\u00ebr t\u00eb b\u00ebr\u00eb adetin. Nuk jam i befasuar. Berisha e mori partin\u00eb kur nuk e kishte, p\u00ebr t\u2019u mbrojtur, do t\u00eb ishte naive ta l\u00ebshonte tani q\u00eb e ka, kur p\u00ebrs\u00ebri i duhet p\u00ebr t\u2019u mbrojtur nga drejt\u00ebsia dhe efektet e sanksionimit. Nuk ka ndryshuar asgj\u00eb.<\/p>\n\n\n\n<p>Gjith\u00eb programi i Rithemelimit me shpalljet e bukura, q\u00eb kryetari q\u00eb humbet zgjedhjet dor\u00ebhiqet, q\u00eb partia do t\u00eb hapet, legalizon diversitetin e mendimeve, gar\u00ebn e lir\u00eb, t\u00eb gjith\u00eb k\u00ebto kan\u00eb qen\u00eb dhe e kam ditur q\u00eb ishin parrulla p\u00ebr t\u00eb marr\u00eb votat dhe partin\u00eb. Nuk \u00ebsht\u00eb m\u00eb problemi i Berish\u00ebs, por i atyre q\u00eb kan\u00eb brohoritur p\u00ebr k\u00ebto shpallje n\u00eb stadium. Sidomos neni i dor\u00ebheqjes \u00ebsht\u00eb brohoritur fort. Por k\u00ebshtu do t\u00eb ndodhte. \u00cbsht\u00eb skem\u00eb zvog\u00eblimi. \u00cbsht\u00eb n\u00eb rutin\u00eb t\u00eb plot\u00eb ky kandidim, apo refuzimi i gar\u00ebs n\u00eb PD. Kemi r\u00ebn\u00eb n\u00eb rutin\u00ebn e komenteve. t\u00eb gjith\u00eb jan\u00eb t\u00eb bezdisur.<\/p>\n\n\n\n<p>Por,\u00a0 \u00ebsht\u00eb nj\u00eb skem\u00eb zvog\u00eblimi, q\u00eb e zvog\u00eblon PD-n\u00eb, t\u00eb ndalosh gar\u00ebn. Garat e hapura e energjizojn\u00eb nj\u00eb parti, an\u00ebtar\u00ebsin\u00eb dhe njer\u00ebzit q\u00eb e ndjekin nga jasht\u00eb k\u00ebt\u00eb spektak\u00ebl. K\u00ebtu ka ndodhur e kund\u00ebrta. N\u00eb k\u00ebto p\u00ebrmasa nuk mbaj mend t\u00eb ket\u00eb ndodhur asnj\u00ebher\u00eb, t\u00eb p\u00ebrjashtohen kandidat\u00eb q\u00eb kan\u00eb shpallur kandidatur\u00ebn. Jam i \u00e7uditur, sepse n\u00eb bindjen time, si\u00e7 \u00ebsht\u00eb sot PD, Berisha nuk sfidohet, n\u00eb kuptimin q\u00eb ta mund\u00eb ndonj\u00eb prej kandidat\u00ebve. Nuk besoj se ka aty ndonj\u00eb situat\u00eb q\u00eb ta mundin. Prandaj nuk e kuptoj pse nuk e lejon gar\u00ebn\u201d, tha Zogaj.<\/p>","protected":false},"excerpt":{"rendered":"<p>Analisti Pre\u00e7 Zogaj duke komentuar n\u00eb emisionin \u201cT\u00eb Paekspozuarit\u201d, n\u00eb MCN TV kandidimin e mjekes Mereme Sela p\u00ebrball\u00eb Sali Berish\u00ebs p\u00ebr kreun e PD-s\u00eb, u shpreh se e gjith\u00eb kjo e quajtur gar\u00eb \u00ebsht\u00eb nj\u00eb fars\u00eb.&nbsp; \u201cNuk ke \u00e7\u2019t\u00eb mendosh k\u00ebtu. \u00cbsht\u00eb e gjitha nj\u00eb fars\u00eb. Jan\u00eb demek zgjedhje sa p\u00ebr t\u2019i hequr, p\u00ebr t\u00eb [&hellip;]<\/p>\n","protected":false},"author":2013,"featured_media":428376,"comment_status":"closed","ping_status":"closed","sticky":false,"template":"","format":"standard","meta":{"footnotes":""},"categories":[241,364,5380,231,1454,235],"tags":[],"class_list":{"0":"post-428375","1":"post","2":"type-post","3":"status-publish","4":"format-standard","5":"has-post-thumbnail","7":"category-aktualitet","8":"category-koment-opinion","9":"category-kryesore","10":"category-lajme","11":"category-politike","12":"category-vendi"},"_links":{"self":[{"href":"https:\/\/zjarr.tv\/en\/wp-json\/wp\/v2\/posts\/428375","targetHints":{"allow":["GET"]}}],"collection":[{"href":"https:\/\/zjarr.tv\/en\/wp-json\/wp\/v2\/posts"}],"about":[{"href":"https:\/\/zjarr.tv\/en\/wp-json\/wp\/v2\/types\/post"}],"author":[{"embeddable":true,"href":"https:\/\/zjarr.tv\/en\/wp-json\/wp\/v2\/users\/2013"}],"replies":[{"embeddable":true,"href":"https:\/\/zjarr.tv\/en\/wp-json\/wp\/v2\/comments?post=428375"}],"version-history":[{"count":1,"href":"https:\/\/zjarr.tv\/en\/wp-json\/wp\/v2\/posts\/428375\/revisions"}],"predecessor-version":[{"id":428377,"href":"https:\/\/zjarr.tv\/en\/wp-json\/wp\/v2\/posts\/428375\/revisions\/428377"}],"wp:featuredmedia":[{"embeddable":true,"href":"https:\/\/zjarr.tv\/en\/wp-json\/wp\/v2\/media\/428376"}],"wp:attachment":[{"href":"https:\/\/zjarr.tv\/en\/wp-json\/wp\/v2\/media?parent=428375"}],"wp:term":[{"taxonomy":"category","embeddable":true,"href":"https:\/\/zjarr.tv\/en\/wp-json\/wp\/v2\/categories?post=428375"},{"taxonomy":"post_tag","embeddable":true,"href":"https:\/\/zjarr.tv\/en\/wp-json\/wp\/v2\/tags?post=428375"}],"curies":[{"name":"wp","href":"https:\/\/api.w.org\/{rel}","templated":true}]}}