{"id":430554,"date":"2026-08-31T13:20:48","date_gmt":"2026-08-31T11:20:48","guid":{"rendered":"https:\/\/zjarr.tv\/?p=430554"},"modified":"2026-08-31T13:20:53","modified_gmt":"2026-08-31T11:20:53","slug":"sali-berisha-jep-detaje-per-viziten-ne-shba-shkoj-ne-teksas","status":"publish","type":"post","link":"https:\/\/zjarr.tv\/en\/sali-berisha-jep-detaje-per-viziten-ne-shba-shkoj-ne-teksas\/","title":{"rendered":"Sali Berisha jep detaje p\u00ebr vizit\u00ebn n\u00eb SHBA: Shkoj n\u00eb Teksas\u2026"},"content":{"rendered":"<p class=\"wp-block-paragraph\">Kreu i Partis\u00eb Demokratike, Sali Berisha, ka deklaruar n\u00eb nj\u00eb konferenc\u00eb p\u00ebr mediat se do t\u00eb udh\u00ebtoj\u00eb drejt Teksasit p\u00ebr t\u00eb marr\u00eb pjes\u00eb n\u00eb konferenc\u00ebn e Partis\u00eb Republikane amerikane p\u00ebr zgjedhjet \u201cmidterm\u201d.<\/p>\n\n\n\n<p class=\"wp-block-paragraph\">Berisha sqaroi se vizita e tij b\u00ebhet si pjes\u00eb e nj\u00eb delegacioni t\u00eb gjer\u00eb t\u00eb Unionit Demokrat Nd\u00ebrkomb\u00ebtar (IDU), si dhe me ftes\u00eb t\u00eb nj\u00eb instituti republikan, nd\u00ebrsa konfirmoi se dokumentet e nevojshme ndodhen n\u00eb ambasad\u00ebn amerikane.<\/p>\n\n\n\n<p class=\"wp-block-paragraph\"><em>\u201cDokumentet jan\u00eb n\u00eb ambasad\u00ebn amerikane dhe un\u00eb nuk kam prenotuar asnj\u00eb takim. Un\u00eb shkoj, si\u00e7 e dini, shkoj n\u00eb Teksas n\u00eb konferenc\u00ebn e Partis\u00eb Republikane amerikane p\u00ebr zgjedhjet midterm. Un\u00eb jam n\u00eb nj\u00eb delegacion t\u00eb Unionit Demokrat Nd\u00ebrkomb\u00ebtar, nj\u00eb delegacion i gjer\u00eb, i cili \u00ebsht\u00eb i ftuar nga Partia Republikane, parti kryesore n\u00eb IDU, p\u00ebr t\u00eb marr\u00eb pjes\u00eb n\u00eb k\u00ebt\u00eb konferenc\u00eb. P\u00ebrve\u00e7 k\u00ebsaj, un\u00eb kam nj\u00eb ftes\u00eb dhe nga nj\u00eb institut republikan\u201d,<\/em>&nbsp;tha Berisha.<\/p>\n\n\n\n<p class=\"wp-block-paragraph\">Lidhur me zhvillimet politike n\u00eb vend, kryedemokrati hodhi akuza ndaj mazhoranc\u00ebs p\u00ebr shp\u00ebrndarjen e 1.5 miliard\u00eb eurove n\u00eb kund\u00ebrshtim me ligjin elektoral.<\/p>\n\n\n\n<p class=\"wp-block-paragraph\">Ai tha se Partia Demokratike po p\u00ebrgatitet t\u00eb prezantoj\u00eb p\u00ebrball\u00eb qytetar\u00ebve kandidat\u00ebt m\u00eb t\u00eb mir\u00eb q\u00eb ka pasur ndonj\u00ebher\u00eb.<\/p>\n\n\n\n<p class=\"wp-block-paragraph\"><em>\u201cMazhoranca ka shp\u00ebrndar\u00eb dhe po shp\u00ebrndan 1 miliard\u00eb e gjysm\u00eb euro p\u00ebr hajdut\u00ebt e saj lokal\u00eb n\u00eb kund\u00ebrshtim flagrant me ligjin elektoral.<\/em><\/p>\n\n\n\n<p class=\"wp-block-paragraph\"><em>PD po p\u00ebrgatitet t\u00eb paraqes\u00eb para shqiptar\u00ebve kandidat\u00ebt m\u00eb t\u00eb mir\u00eb q\u00eb ata kan\u00eb pasur ndonj\u00ebher\u00eb\u201d,<\/em>&nbsp;p\u00ebrfundoi kryedemokrati.<\/p>","protected":false},"excerpt":{"rendered":"<p>Kreu i Partis\u00eb Demokratike, Sali Berisha, ka deklaruar n\u00eb nj\u00eb konferenc\u00eb p\u00ebr mediat se do t\u00eb udh\u00ebtoj\u00eb drejt Teksasit p\u00ebr t\u00eb marr\u00eb pjes\u00eb n\u00eb konferenc\u00ebn e Partis\u00eb Republikane amerikane p\u00ebr zgjedhjet \u201cmidterm\u201d. Berisha sqaroi se vizita e tij b\u00ebhet si pjes\u00eb e nj\u00eb delegacioni t\u00eb gjer\u00eb t\u00eb Unionit Demokrat Nd\u00ebrkomb\u00ebtar (IDU), si dhe me ftes\u00eb [&hellip;]<\/p>\n","protected":false},"author":2013,"featured_media":430555,"comment_status":"closed","ping_status":"closed","sticky":false,"template":"","format":"standard","meta":{"footnotes":""},"categories":[241,364,5380,231,1454,235],"tags":[],"class_list":["post-430554","post","type-post","status-publish","format-standard","has-post-thumbnail","category-aktualitet","category-koment-opinion","category-kryesore","category-lajme","category-politike","category-vendi"],"_links":{"self":[{"href":"https:\/\/zjarr.tv\/en\/wp-json\/wp\/v2\/posts\/430554","targetHints":{"allow":["GET"]}}],"collection":[{"href":"https:\/\/zjarr.tv\/en\/wp-json\/wp\/v2\/posts"}],"about":[{"href":"https:\/\/zjarr.tv\/en\/wp-json\/wp\/v2\/types\/post"}],"author":[{"embeddable":true,"href":"https:\/\/zjarr.tv\/en\/wp-json\/wp\/v2\/users\/2013"}],"replies":[{"embeddable":true,"href":"https:\/\/zjarr.tv\/en\/wp-json\/wp\/v2\/comments?post=430554"}],"version-history":[{"count":1,"href":"https:\/\/zjarr.tv\/en\/wp-json\/wp\/v2\/posts\/430554\/revisions"}],"predecessor-version":[{"id":430556,"href":"https:\/\/zjarr.tv\/en\/wp-json\/wp\/v2\/posts\/430554\/revisions\/430556"}],"wp:featuredmedia":[{"embeddable":true,"href":"https:\/\/zjarr.tv\/en\/wp-json\/wp\/v2\/media\/430555"}],"wp:attachment":[{"href":"https:\/\/zjarr.tv\/en\/wp-json\/wp\/v2\/media?parent=430554"}],"wp:term":[{"taxonomy":"category","embeddable":true,"href":"https:\/\/zjarr.tv\/en\/wp-json\/wp\/v2\/categories?post=430554"},{"taxonomy":"post_tag","embeddable":true,"href":"https:\/\/zjarr.tv\/en\/wp-json\/wp\/v2\/tags?post=430554"}],"curies":[{"name":"wp","href":"https:\/\/api.w.org\/{rel}","templated":true}]}}