{"id":430560,"date":"2026-08-31T15:01:31","date_gmt":"2026-08-31T13:01:31","guid":{"rendered":"https:\/\/zjarr.tv\/?p=430560"},"modified":"2026-08-31T15:01:33","modified_gmt":"2026-08-31T13:01:33","slug":"e-reja-shtatezane-humbi-jeten-rruges-per-tirane-zbardhen-detaje-te-reja-per-vdekjen-e-37-vjecares-nga-pogradeci","status":"publish","type":"post","link":"https:\/\/zjarr.tv\/en\/e-reja-shtatezane-humbi-jeten-rruges-per-tirane-zbardhen-detaje-te-reja-per-vdekjen-e-37-vjecares-nga-pogradeci\/","title":{"rendered":"E reja shtat\u00ebzan\u00eb humbi jet\u00ebn rrug\u00ebs p\u00ebr Tiran\u00eb, zbardhen detaje t\u00eb reja p\u00ebr vdekjen e 37-vje\u00e7ares nga Pogradeci"},"content":{"rendered":"<p class=\"wp-block-paragraph\">Nj\u00eb ngjarje tragjike u regjistrua k\u00ebt\u00eb t\u00eb h\u00ebn\u00eb, ku nj\u00eb 37-vje\u00e7are e cila ishte n\u00eb muajin e 7-t\u00eb t\u00eb shtatzanis\u00eb, humbi jet\u00ebn pas komplikacioneve me sh\u00ebndetin. <\/p>\n\n\n\n<p class=\"wp-block-paragraph\">Marjana Karolina Bunaj, 37-vje\u00e7arja shtatz\u00ebn\u00eb q\u00eb humbi jet\u00ebn teksa d\u00ebrgohej nga spitali i Pogradecit drejt Tiran\u00ebs priste f\u00ebmij\u00ebn e saj t\u00eb par\u00eb.<\/p>\n\n\n\n<p class=\"wp-block-paragraph\">Gruaja nga Mirdita, e martuar n\u00eb&nbsp;Pogradec, ishte n\u00eb muajin e 7-t\u00eb t\u00eb shtatz\u00ebnis\u00eb.<\/p>\n\n\n\n<p class=\"wp-block-paragraph\">I shoqi kishte pak dit\u00eb q\u00eb ishte larguar drejt SHBA-ve, ku ai dhe familja e tij jetojn\u00eb, nd\u00ebrsa 37-vje\u00e7arja priste q\u00eb t\u2019u bashkohej atje.<\/p>\n\n\n\n<p class=\"wp-block-paragraph\">P\u00ebr t\u00eb do t\u00eb ishte hera e par\u00eb n\u00eb SHBA, mesnat\u00ebn e s\u00eb diel\u00ebs, 37-vje\u00e7arja kishte dhimbje barku.<\/p>\n\n\n\n<p class=\"wp-block-paragraph\">Ajo ka telefonuar motr\u00ebn q\u00eb banonte pran\u00eb saj, e cila menj\u00ebher\u00eb ka shkuar dhe e ka marr\u00eb me makin\u00eb p\u00ebr ta d\u00ebrguar n\u00eb spital.<\/p>\n\n\n\n<p class=\"wp-block-paragraph\">Atje mjek\u00ebt kan\u00eb dyshuar p\u00ebr hemorragji dhe pasi e kan\u00eb vendosur n\u00eb katin e sip\u00ebrm t\u00eb maternitetit, kan\u00eb konstatuar se duhej d\u00ebrguar n\u00eb Tiran\u00eb.<\/p>\n\n\n\n<p class=\"wp-block-paragraph\">\u00cbsht\u00eb diskutuar edhe helikopteri por duke qen\u00eb se ka qen\u00eb err\u00ebsir\u00eb, s\u2019mund t\u00eb realizohej.<\/p>\n\n\n\n<p class=\"wp-block-paragraph\">Sipas informacioneve t\u00eb para, 37-vje\u00e7arja \u00ebsht\u00eb paraqitur me parametra jet\u00ebsor\u00eb t\u00eb ul\u00ebt, n\u00eb gjendje t\u00eb patransportueshme, nd\u00ebrsa m\u00eb pas \u00ebsht\u00eb kryer edhe reanimimi.<\/p>\n\n\n\n<p class=\"wp-block-paragraph\">N\u00eb or\u00ebn 04:30 e kan\u00eb nisur me ambulanc\u00eb p\u00ebr Tiran\u00eb. N\u00eb hyrje t\u00eb Elbasanit ajo ka ndaluar s\u00eb reaguari dhe infermierja i ka r\u00ebn\u00eb xhamit t\u00eb shoferit duke i th\u00ebn\u00eb \u201c<em>Fute te spitali i Elbasanit se na iku<\/em>.\u201d<\/p>\n\n\n\n<p class=\"wp-block-paragraph\">Motra e 37-vje\u00e7ares ka qen\u00eb e pranishme edhe n\u00eb ambulanc\u00eb dhe thot\u00eb se 37-vje\u00e7arja mb\u00ebrriti e vdekur n\u00eb spital.<\/p>\n\n\n\n<p class=\"wp-block-paragraph\">M\u00eb pas e d\u00ebrguan p\u00ebr autopsi n\u00eb morgun e Tiran\u00ebs, kurse motra e s\u00eb ndjer\u00ebs ka shkuar n\u00eb komisariatin nr. 4 p\u00ebr t\u00eb b\u00ebr\u00eb nj\u00eb kall\u00ebzim.<a href=\"https:\/\/www.facebook.com\/sharer\/sharer.php?u=https%3A%2F%2Falfapress.al%2Ffute-te-spitali-i-elbasanit-se-na-iku-humbi-jeten-rruges-per-tirane-detaje-te-reja-per-vdekjen-e-37-vjecares-7-muajshe-shtatzene-nga-pogradeci-i201785\" target=\"_blank\" rel=\"noreferrer noopener\"><\/a><a href=\"https:\/\/api.whatsapp.com\/send?text=%E2%80%9CFute%20te%20spitali%20i%20Elbasanit%20se%20na%20iku%22%2F%20Humbi%20jet%C3%ABn%20rrug%C3%ABs%20p%C3%ABr%20Tiran%C3%AB%2C%20detaje%20t%C3%AB%20reja%20p%C3%ABr%20vdekjen%20e%2037-vje%C3%A7ares%207-muajshe%20shtatz%C3%ABn%C3%AB%20nga%20Pogradeci%20-%20AKTUALITET...https%3A%2F%2Falfapress.al%2Ffute-te-spitali-i-elbasanit-se-na-iku-humbi-jeten-rruges-per-tirane-detaje-te-reja-per-vdekjen-e-37-vjecares-7-muajshe-shtatzene-nga-pogradeci-i201785\" target=\"_blank\" rel=\"noreferrer noopener\"><\/a><a href=\"https:\/\/twitter.com\/intent\/tweet?text=%E2%80%9CFute%20te%20spitali%20i%20Elbasanit%20se%20na%20iku%22%2F%20Humbi%20jet%C3%ABn%20rrug%C3%ABs%20p%C3%ABr%20Tiran%C3%AB%2C%20detaje%20t%C3%AB%20reja%20p%C3%ABr%20vdekjen%20e%2037-vje%C3%A7ares%207-muajshe%20shtatz%C3%ABn%C3%AB%20nga%20Pogradeci%20-%20AKTUALITET...https%3A%2F%2Falfapress.al%2Ffute-te-spitali-i-elbasanit-se-na-iku-humbi-jeten-rruges-per-tirane-detaje-te-reja-per-vdekjen-e-37-vjecares-7-muajshe-shtatzene-nga-pogradeci-i201785\" target=\"_blank\" rel=\"noreferrer noopener\"><\/a><a href=\"https:\/\/www.linkedin.com\/sharing\/share-offsite\/?url=https%3A%2F%2Falfapress.al%2Ffute-te-spitali-i-elbasanit-se-na-iku-humbi-jeten-rruges-per-tirane-detaje-te-reja-per-vdekjen-e-37-vjecares-7-muajshe-shtatzene-nga-pogradeci-i201785\" target=\"_blank\" rel=\"noreferrer noopener\"><\/a><\/p>","protected":false},"excerpt":{"rendered":"<p>Nj\u00eb ngjarje tragjike u regjistrua k\u00ebt\u00eb t\u00eb h\u00ebn\u00eb, ku nj\u00eb 37-vje\u00e7are e cila ishte n\u00eb muajin e 7-t\u00eb t\u00eb shtatzanis\u00eb, humbi jet\u00ebn pas komplikacioneve me sh\u00ebndetin. Marjana Karolina Bunaj, 37-vje\u00e7arja shtatz\u00ebn\u00eb q\u00eb humbi jet\u00ebn teksa d\u00ebrgohej nga spitali i Pogradecit drejt Tiran\u00ebs priste f\u00ebmij\u00ebn e saj t\u00eb par\u00eb. Gruaja nga Mirdita, e martuar n\u00eb&nbsp;Pogradec, ishte [&hellip;]<\/p>\n","protected":false},"author":2013,"featured_media":430561,"comment_status":"closed","ping_status":"closed","sticky":false,"template":"","format":"standard","meta":{"footnotes":""},"categories":[241,323,5380,231,235],"tags":[],"class_list":["post-430560","post","type-post","status-publish","format-standard","has-post-thumbnail","category-aktualitet","category-kronika-e-zeze","category-kryesore","category-lajme","category-vendi"],"_links":{"self":[{"href":"https:\/\/zjarr.tv\/en\/wp-json\/wp\/v2\/posts\/430560","targetHints":{"allow":["GET"]}}],"collection":[{"href":"https:\/\/zjarr.tv\/en\/wp-json\/wp\/v2\/posts"}],"about":[{"href":"https:\/\/zjarr.tv\/en\/wp-json\/wp\/v2\/types\/post"}],"author":[{"embeddable":true,"href":"https:\/\/zjarr.tv\/en\/wp-json\/wp\/v2\/users\/2013"}],"replies":[{"embeddable":true,"href":"https:\/\/zjarr.tv\/en\/wp-json\/wp\/v2\/comments?post=430560"}],"version-history":[{"count":1,"href":"https:\/\/zjarr.tv\/en\/wp-json\/wp\/v2\/posts\/430560\/revisions"}],"predecessor-version":[{"id":430562,"href":"https:\/\/zjarr.tv\/en\/wp-json\/wp\/v2\/posts\/430560\/revisions\/430562"}],"wp:featuredmedia":[{"embeddable":true,"href":"https:\/\/zjarr.tv\/en\/wp-json\/wp\/v2\/media\/430561"}],"wp:attachment":[{"href":"https:\/\/zjarr.tv\/en\/wp-json\/wp\/v2\/media?parent=430560"}],"wp:term":[{"taxonomy":"category","embeddable":true,"href":"https:\/\/zjarr.tv\/en\/wp-json\/wp\/v2\/categories?post=430560"},{"taxonomy":"post_tag","embeddable":true,"href":"https:\/\/zjarr.tv\/en\/wp-json\/wp\/v2\/tags?post=430560"}],"curies":[{"name":"wp","href":"https:\/\/api.w.org\/{rel}","templated":true}]}}