{"id":430569,"date":"2026-09-01T10:31:08","date_gmt":"2026-09-01T08:31:08","guid":{"rendered":"https:\/\/zjarr.tv\/?p=430569"},"modified":"2026-09-01T10:31:11","modified_gmt":"2026-09-01T08:31:11","slug":"nga-sot-deri-ne-3-shtator-bllokohet-perkohesisht-autostrada-tirane-durres-kufizimet-nga-ora-2300-0500","status":"publish","type":"post","link":"https:\/\/zjarr.tv\/en\/nga-sot-deri-ne-3-shtator-bllokohet-perkohesisht-autostrada-tirane-durres-kufizimet-nga-ora-2300-0500\/","title":{"rendered":"Nga sot deri n\u00eb 3 shtator bllokohet p\u00ebrkoh\u00ebsisht autostrada Tiran\u00eb-Durr\u00ebs! Kufizimet nga ora 23:00-05:00"},"content":{"rendered":"<p class=\"wp-block-paragraph\">Autostrada Tiran\u00eb-Durr\u00ebs do t\u00eb bllokohet p\u00ebrkoh\u00ebsisht n\u00eb t\u00eb dyja drejtimet p\u00ebr tre dit\u00eb radhazi. P\u00ebrmes nj\u00eb njoftimi mbr\u00ebm\u00eb Autoriteti Rrugor Shqiptar (ARRSH) tha se kufizimet do t\u00eb jen\u00eb n\u00eb fuqi gjat\u00eb or\u00ebve t\u00eb nat\u00ebs, nga ora 23:00 deri n\u00eb 05:00 t\u00eb m\u00ebngjesit.<\/p>\n\n\n\n<p class=\"wp-block-paragraph\">Nd\u00ebrhyrja lidhet me vijimin e punimeve p\u00ebr projektin e zgjerimit t\u00eb Superstrad\u00ebs Tiran\u00eb-Durr\u00ebs, Faza III. Gjat\u00eb k\u00ebsaj kohe do t\u00eb kryhet montimi i trar\u00ebve metalik\u00eb n\u00eb hap\u00ebsir\u00ebn qendrore t\u00eb mbikalimit t\u00eb ri t\u00eb Kasharit.<\/p>\n\n\n\n<p class=\"wp-block-paragraph\">Qarkullimi n\u00eb drejtim t\u00eb Durr\u00ebsit dhe Tiran\u00ebs do t\u00eb devijohet p\u00ebrkoh\u00ebsisht n\u00eb rrug\u00ebt dyt\u00ebsore. Mjetet e r\u00ebnda, ve\u00e7an\u00ebrisht kamion\u00ebt, do t\u00eb devijohen q\u00eb n\u00eb nyj\u00ebn e hyrjes s\u00eb kryeqytetit.<\/p>\n\n\n\n<p class=\"wp-block-paragraph\">Nd\u00ebrkoh\u00eb, automjetet q\u00eb udh\u00ebtojn\u00eb drejt Rinasit, Shkodr\u00ebs dhe Kosov\u00ebs do t\u00eb orientohen p\u00ebrmes mbikalimit Kashar-Thuman\u00eb.<\/p>\n\n\n\n<p class=\"wp-block-paragraph\"><a href=\"https:\/\/tpz.al\/po-rregullonte-depoziten-e-ujit-i-riu-humb-jeten-ne-kamez-pasi-bie-ne-kontakt-me-telat-e-tensionit-te-larte-i331704\"><\/a><\/p>","protected":false},"excerpt":{"rendered":"<p>Autostrada Tiran\u00eb-Durr\u00ebs do t\u00eb bllokohet p\u00ebrkoh\u00ebsisht n\u00eb t\u00eb dyja drejtimet p\u00ebr tre dit\u00eb radhazi. P\u00ebrmes nj\u00eb njoftimi mbr\u00ebm\u00eb Autoriteti Rrugor Shqiptar (ARRSH) tha se kufizimet do t\u00eb jen\u00eb n\u00eb fuqi gjat\u00eb or\u00ebve t\u00eb nat\u00ebs, nga ora 23:00 deri n\u00eb 05:00 t\u00eb m\u00ebngjesit. Nd\u00ebrhyrja lidhet me vijimin e punimeve p\u00ebr projektin e zgjerimit t\u00eb Superstrad\u00ebs Tiran\u00eb-Durr\u00ebs, [&hellip;]<\/p>\n","protected":false},"author":2013,"featured_media":430570,"comment_status":"closed","ping_status":"closed","sticky":false,"template":"","format":"standard","meta":{"footnotes":""},"categories":[241,5380,231,235],"tags":[],"class_list":["post-430569","post","type-post","status-publish","format-standard","has-post-thumbnail","category-aktualitet","category-kryesore","category-lajme","category-vendi"],"_links":{"self":[{"href":"https:\/\/zjarr.tv\/en\/wp-json\/wp\/v2\/posts\/430569","targetHints":{"allow":["GET"]}}],"collection":[{"href":"https:\/\/zjarr.tv\/en\/wp-json\/wp\/v2\/posts"}],"about":[{"href":"https:\/\/zjarr.tv\/en\/wp-json\/wp\/v2\/types\/post"}],"author":[{"embeddable":true,"href":"https:\/\/zjarr.tv\/en\/wp-json\/wp\/v2\/users\/2013"}],"replies":[{"embeddable":true,"href":"https:\/\/zjarr.tv\/en\/wp-json\/wp\/v2\/comments?post=430569"}],"version-history":[{"count":1,"href":"https:\/\/zjarr.tv\/en\/wp-json\/wp\/v2\/posts\/430569\/revisions"}],"predecessor-version":[{"id":430571,"href":"https:\/\/zjarr.tv\/en\/wp-json\/wp\/v2\/posts\/430569\/revisions\/430571"}],"wp:featuredmedia":[{"embeddable":true,"href":"https:\/\/zjarr.tv\/en\/wp-json\/wp\/v2\/media\/430570"}],"wp:attachment":[{"href":"https:\/\/zjarr.tv\/en\/wp-json\/wp\/v2\/media?parent=430569"}],"wp:term":[{"taxonomy":"category","embeddable":true,"href":"https:\/\/zjarr.tv\/en\/wp-json\/wp\/v2\/categories?post=430569"},{"taxonomy":"post_tag","embeddable":true,"href":"https:\/\/zjarr.tv\/en\/wp-json\/wp\/v2\/tags?post=430569"}],"curies":[{"name":"wp","href":"https:\/\/api.w.org\/{rel}","templated":true}]}}