{"id":430586,"date":"2026-09-01T13:46:33","date_gmt":"2026-09-01T11:46:33","guid":{"rendered":"https:\/\/zjarr.tv\/?p=430586"},"modified":"2026-09-01T13:46:43","modified_gmt":"2026-09-01T11:46:43","slug":"kerkova-pagen-kamarieri-18-vjecar-rrefen-dhunen-barbare-me-kercenuan-se-do-me-zhduknin-trupin","status":"publish","type":"post","link":"https:\/\/zjarr.tv\/en\/kerkova-pagen-kamarieri-18-vjecar-rrefen-dhunen-barbare-me-kercenuan-se-do-me-zhduknin-trupin\/","title":{"rendered":"\u201cK\u00ebrkova pag\u00ebn\u201d\/ Kamarieri 18-vje\u00e7ar rr\u00ebfen dhun\u00ebn barbare: M\u00eb k\u00ebrc\u00ebnuan se do m\u00eb zhduknin trupin"},"content":{"rendered":"<p class=\"wp-block-paragraph\">Zbardhet d\u00ebshmia trondit\u00ebse e&nbsp;Genti Nel\u00ebs, kamarierit q\u00eb u dhunua barbarisht nga pronar\u00ebt e hotelit ku ishte i pun\u00ebsuar, pasi iu k\u00ebrkoi pages\u00ebn, p\u00ebr shkak se do t\u00eb niste nj\u00eb pun\u00eb tjet\u00ebr.<\/p>\n\n\n\n<p class=\"wp-block-paragraph\">P\u00ebr dhunimin e Nelit mbr\u00ebmjen e 27 gushtit jan\u00eb arrestuar dhe po mbahen n\u00ebn arrest me burg me afat 45 ditor&nbsp;Florian Habilaj dhe Enold Dragoti.<\/p>\n\n\n\n<p class=\"wp-block-paragraph\">Nd\u00ebrsa jan\u00eb n\u00eb k\u00ebrkim dy persona t\u00eb tjer\u00eb. Pas ngjarjes u arrestua dhe xhaxhai i kamarierit, i cili shkoi n\u00eb ndihm\u00eb t\u00eb nipit, por u arrestua p\u00ebr shkak se iu gjet arm\u00eb dhe municione n\u00eb makin\u00eb.<\/p>\n\n\n\n<p class=\"wp-block-paragraph\"><strong>Kall\u00ebzimi i kamarierit:&nbsp;<\/strong><em>M\u00eb dat\u00eb 10.07.2026 Genti Nela thot\u00eb se ka filluar pun\u00eb si banakier n\u00eb hotel-restorantin \u201cFLAR\u201d, i ndodhur n\u00eb zon\u00ebn e Malit t\u00eb Robit. P\u00ebr fillimin e pun\u00ebs ka biseduar me shtetasit Florian dhe Arb\u00ebr Habilaj. Pag\u00ebn e par\u00eb e ka marr\u00eb m\u00eb dat\u00eb 10.08.2026 dhe m\u00eb pas ka vijuar normalisht pun\u00ebn. M\u00eb dat\u00eb 27.08.2026 u ka k\u00ebrkuar pag\u00ebn shtetasve Florian dhe Arb\u00ebr Habilaj, pasi kishte vendosur t\u00eb vazhdonte pun\u00ebn diku tjet\u00ebr.<\/em><\/p>\n\n\n\n<p class=\"wp-block-paragraph\"><em>T\u00eb dy kan\u00eb qen\u00eb t\u00eb pranish\u00ebm n\u00eb momentin kur ua ka b\u00ebr\u00eb me dije k\u00ebt\u00eb vendim, por nuk e kan\u00eb pranuar largimin e tij nga puna. S\u00eb bashku me ta kan\u00eb qen\u00eb edhe shtetasit Enold Dragoti dhe Mariglen Mosha, ku ky i fundit \u00ebsht\u00eb bashk\u00ebshorti i motr\u00ebs s\u00eb Florianit dhe t\u00eb Arb\u00ebrit, nd\u00ebrsa Enoldi \u00ebsht\u00eb shok i tyre.<\/em><\/p>\n\n\n\n<p class=\"wp-block-paragraph\"><em>Nela thot\u00eb se pasi ata nuk e kan\u00eb pranuar largimin e tij nga puna, \u00ebsht\u00eb shar\u00eb nga t\u00eb dy v\u00ebllez\u00ebrit dhe se personi i par\u00eb q\u00eb e ka goditur ka qen\u00eb Floriani, i cili fillimisht e ka goditur me grusht. M\u00eb pas, Arb\u00ebri e ka goditur me nj\u00eb tav\u00ebll qelqi n\u00eb kok\u00eb, n\u00eb fytyr\u00eb dhe n\u00eb trup.<\/em><\/p>\n\n\n\n<p class=\"wp-block-paragraph\"><em>Gjithashtu \u00ebsht\u00eb goditur edhe nga Enold Dragoti, nd\u00ebrsa Marigleni e ka mbajtur gjat\u00eb gjith\u00eb koh\u00ebs, duke e penguar t\u00eb largohej, nd\u00ebrkoh\u00eb q\u00eb t\u00eb tjer\u00ebt e godisnin vazhdimisht.<\/em><\/p>\n\n\n\n<p class=\"wp-block-paragraph\"><em>Ai shpjegoi se \u00ebsht\u00eb goditur shum\u00eb her\u00eb pa nd\u00ebrprerje dhe se nuk ka pasur mund\u00ebsi t\u00eb largohej, pasi ndodhej pran\u00eb banakut dhe ata i kishin bllokuar rrug\u00ebn.<\/em><\/p>\n\n\n\n<p class=\"wp-block-paragraph\"><em>Nela ka theksuar se \u00ebsht\u00eb ndjer\u00eb n\u00eb rrezik p\u00ebr jet\u00ebn, pasi ishte p\u00ebrball\u00eb kat\u00ebr personave q\u00eb po p\u00ebrdornin sende t\u00eb forta dhe se, si pasoj\u00eb e goditjeve, kishte gjakderdhje t\u00eb shumta.<\/em><\/p>\n\n\n\n<p class=\"wp-block-paragraph\"><em>Sipas tij, gjat\u00eb koh\u00ebs q\u00eb e godisnin, ata shpreheshin me fjal\u00eb se do ta vrisnin dhe p\u00ebrdornin shprehje fyese ndaj tij. N\u00eb k\u00ebto rrethana, p\u00ebr t\u2019u mbrojtur, ka marr\u00eb nj\u00eb got\u00eb qelqi dhe ka goditur Florianin n\u00eb kok\u00eb.<\/em><\/p>\n\n\n\n<p class=\"wp-block-paragraph\"><em>Gjithashtu i ka gjuajtur edhe me grushte, pasi nuk kishte mund\u00ebsi tjet\u00ebr p\u00ebr t\u2019i larguar, duke qen\u00eb se i kishin bllokuar rrug\u00ebn. Pas goditjes me got\u00eb, ka arritur t\u00eb largohet me vrap, por \u00ebsht\u00eb ndjekur nga t\u00eb kat\u00ebrt dhe i \u00ebsht\u00eb bllokuan s\u00ebrish rruga, ku, sipas deklarimit t\u00eb tij, \u00ebsht\u00eb goditur p\u00ebrs\u00ebri.<\/em><\/p>\n\n\n\n<p class=\"wp-block-paragraph\"><em>M\u00eb pas ka arritur t\u00eb largohet edhe nj\u00eb her\u00eb me vrap, ka telefonuar n\u00ebn\u00ebn e tij dhe e ka njoftuar p\u00ebr ngjarjen. Pas k\u00ebsaj \u00ebsht\u00eb paraqitur n\u00eb komisariat p\u00ebr t\u00eb b\u00ebr\u00eb kall\u00ebzim.<\/em><\/p>\n\n\n\n<p class=\"wp-block-paragraph\"><em>Deklaruesi ka shpjeguar se nuk ka pasur asnj\u00ebher\u00eb m\u00eb pare konflikte me personat e p\u00ebrmendur dhe se, gjat\u00eb gjith\u00eb periudh\u00ebs s\u00eb pun\u00ebsimit, ka qen\u00eb korrekt n\u00eb kryerjen e detyrave t\u00eb tij, madje, sipas tij, \u00ebsht\u00eb vler\u00ebsuar dhe fal\u00ebnderuar p\u00ebr pun\u00ebn q\u00eb kryente.<\/em><\/p>\n\n\n\n<p class=\"wp-block-paragraph\"><em>Ai ka deklaruar gjithashtu se, gjat\u00eb gjith\u00eb koh\u00ebs q\u00eb \u00ebsht\u00eb goditur, \u00ebsht\u00eb k\u00ebrc\u00ebnuar vazhdimisht se do ta vrisnin dhe do ta zhdukin. Sipas tij, ata i thoshin nj\u00ebri-tjetrit ta godisnin dhe ta vrisnin dhe, edhe pse ai ishte i gjakosur, vazhdonin ta nxisnin nj\u00ebri-tjetrin t\u00eb vazhdonin goditjet.<\/em><\/p>\n\n\n\n<p class=\"wp-block-paragraph\"><em>Po ashtu, i kan\u00eb th\u00ebn\u00eb se nuk do ta lejonin t\u00eb shkonte n\u00eb polici dhe se nuk do ta linin t\u00eb dilte nga banaku p\u00ebr t\u00eb b\u00ebr\u00eb kall\u00ebzim. Sipas deklarimit t\u00eb tij, t\u00eb nj\u00ebjtat k\u00ebrc\u00ebnime i jan\u00eb b\u00ebr\u00eb edhe kur i kan\u00eb dal\u00eb n\u00eb rrug\u00eb p\u00ebr her\u00eb t\u00eb dyt\u00eb.<\/em><\/p>\n\n\n\n<p class=\"wp-block-paragraph\"><em>Megjithat\u00eb, ka arritur t\u00eb largohet me vrap. N\u00eb p\u00ebrfundim, ai ka shpjeguar se, gjat\u00eb gjith\u00eb ngjarjes, \u00ebsht\u00eb ndjer\u00eb sikur po p\u00ebrjetonte momentet e fundit t\u00eb jet\u00ebs s\u00eb tij, pasi kat\u00ebr persona po e godisnin pa m\u00ebshir\u00eb. Ai \u00ebsht\u00eb 18 vje\u00e7, nd\u00ebrsa Floriani \u00ebsht\u00eb 30 vje\u00e7 dhe Arb\u00ebri 36 vje\u00e7.<\/em>\/VNA.al<\/p>","protected":false},"excerpt":{"rendered":"<p>Zbardhet d\u00ebshmia trondit\u00ebse e&nbsp;Genti Nel\u00ebs, kamarierit q\u00eb u dhunua barbarisht nga pronar\u00ebt e hotelit ku ishte i pun\u00ebsuar, pasi iu k\u00ebrkoi pages\u00ebn, p\u00ebr shkak se do t\u00eb niste nj\u00eb pun\u00eb tjet\u00ebr. P\u00ebr dhunimin e Nelit mbr\u00ebmjen e 27 gushtit jan\u00eb arrestuar dhe po mbahen n\u00ebn arrest me burg me afat 45 ditor&nbsp;Florian Habilaj dhe Enold [&hellip;]<\/p>\n","protected":false},"author":2013,"featured_media":430587,"comment_status":"closed","ping_status":"closed","sticky":false,"template":"","format":"standard","meta":{"footnotes":""},"categories":[241,5380,231,235],"tags":[],"class_list":["post-430586","post","type-post","status-publish","format-standard","has-post-thumbnail","category-aktualitet","category-kryesore","category-lajme","category-vendi"],"_links":{"self":[{"href":"https:\/\/zjarr.tv\/en\/wp-json\/wp\/v2\/posts\/430586","targetHints":{"allow":["GET"]}}],"collection":[{"href":"https:\/\/zjarr.tv\/en\/wp-json\/wp\/v2\/posts"}],"about":[{"href":"https:\/\/zjarr.tv\/en\/wp-json\/wp\/v2\/types\/post"}],"author":[{"embeddable":true,"href":"https:\/\/zjarr.tv\/en\/wp-json\/wp\/v2\/users\/2013"}],"replies":[{"embeddable":true,"href":"https:\/\/zjarr.tv\/en\/wp-json\/wp\/v2\/comments?post=430586"}],"version-history":[{"count":1,"href":"https:\/\/zjarr.tv\/en\/wp-json\/wp\/v2\/posts\/430586\/revisions"}],"predecessor-version":[{"id":430588,"href":"https:\/\/zjarr.tv\/en\/wp-json\/wp\/v2\/posts\/430586\/revisions\/430588"}],"wp:featuredmedia":[{"embeddable":true,"href":"https:\/\/zjarr.tv\/en\/wp-json\/wp\/v2\/media\/430587"}],"wp:attachment":[{"href":"https:\/\/zjarr.tv\/en\/wp-json\/wp\/v2\/media?parent=430586"}],"wp:term":[{"taxonomy":"category","embeddable":true,"href":"https:\/\/zjarr.tv\/en\/wp-json\/wp\/v2\/categories?post=430586"},{"taxonomy":"post_tag","embeddable":true,"href":"https:\/\/zjarr.tv\/en\/wp-json\/wp\/v2\/tags?post=430586"}],"curies":[{"name":"wp","href":"https:\/\/api.w.org\/{rel}","templated":true}]}}