{"id":430592,"date":"2026-09-01T15:01:34","date_gmt":"2026-09-01T13:01:34","guid":{"rendered":"https:\/\/zjarr.tv\/?p=430592"},"modified":"2026-09-01T15:01:57","modified_gmt":"2026-09-01T13:01:57","slug":"ju-demokratet-me-keni-thyer-hunden-rama-pret-ne-zyre-boksierin-shqiptar-nelsoni-snjeh-humbje","status":"publish","type":"post","link":"https:\/\/zjarr.tv\/en\/ju-demokratet-me-keni-thyer-hunden-rama-pret-ne-zyre-boksierin-shqiptar-nelsoni-snjeh-humbje\/","title":{"rendered":"&#8216;Ju demokrat\u00ebt m\u00eb keni thyer hund\u00ebn&#8217;\/ Rama pret n\u00eb zyr\u00eb boksierin shqiptar: Nelsoni s&#8217;njeh humbje"},"content":{"rendered":"<p class=\"wp-block-paragraph\">Kryeministri Edi Rama ka pritur n\u00eb zyr\u00ebn e tij, Nelson Hys\u00ebn, boksierin shqiptar q\u00eb mposhti norvegjezin, Thomas Narmon si dhe legjend\u00ebn e boksit shqiptar, Zef Gjoni.<\/p>\n\n\n\n<p class=\"wp-block-paragraph\">Kreu i qeveris\u00eb ka publikuar edhe pamjet e takimit, ku shfaqet s\u00eb bashku me boksierin Hysa dhe Zef Gjoni, q\u00eb Rama e quan demokrat, nd\u00ebrsa shkruan se t\u00eb tre i bashkon synimi p\u00ebr fitore.<\/p>\n\n\n\n<p class=\"wp-block-paragraph\">\u201cNelsoni, the Albanian Eagle q\u00eb nuk njeh humbje dhe un\u00eb bashk\u00eb me demokratin Zef Gjoni q\u00eb luftojm\u00eb ve\u00e7 p\u00ebr fitore\u201d, shkruan Rama.<\/p>\n\n\n\n<p class=\"wp-block-paragraph\">Nd\u00ebrkoh\u00eb gjat\u00eb bised\u00ebs n\u00eb zyr\u00eb, Rama i drejtohet Zef Gjonit duke i th\u00ebn\u00eb se \u201chund\u00ebn time ma keni thyer ju demokrat\u00ebt, nd\u00ebrsa k\u00ebtij ja kan\u00eb thyer boksier\u00ebt\u201d.<\/p>","protected":false},"excerpt":{"rendered":"<p>Kryeministri Edi Rama ka pritur n\u00eb zyr\u00ebn e tij, Nelson Hys\u00ebn, boksierin shqiptar q\u00eb mposhti norvegjezin, Thomas Narmon si dhe legjend\u00ebn e boksit shqiptar, Zef Gjoni. Kreu i qeveris\u00eb ka publikuar edhe pamjet e takimit, ku shfaqet s\u00eb bashku me boksierin Hysa dhe Zef Gjoni, q\u00eb Rama e quan demokrat, nd\u00ebrsa shkruan se t\u00eb tre [&hellip;]<\/p>\n","protected":false},"author":2013,"featured_media":430593,"comment_status":"closed","ping_status":"closed","sticky":false,"template":"","format":"standard","meta":{"footnotes":""},"categories":[241,364,5380,231,235],"tags":[],"class_list":["post-430592","post","type-post","status-publish","format-standard","has-post-thumbnail","category-aktualitet","category-koment-opinion","category-kryesore","category-lajme","category-vendi"],"_links":{"self":[{"href":"https:\/\/zjarr.tv\/en\/wp-json\/wp\/v2\/posts\/430592","targetHints":{"allow":["GET"]}}],"collection":[{"href":"https:\/\/zjarr.tv\/en\/wp-json\/wp\/v2\/posts"}],"about":[{"href":"https:\/\/zjarr.tv\/en\/wp-json\/wp\/v2\/types\/post"}],"author":[{"embeddable":true,"href":"https:\/\/zjarr.tv\/en\/wp-json\/wp\/v2\/users\/2013"}],"replies":[{"embeddable":true,"href":"https:\/\/zjarr.tv\/en\/wp-json\/wp\/v2\/comments?post=430592"}],"version-history":[{"count":1,"href":"https:\/\/zjarr.tv\/en\/wp-json\/wp\/v2\/posts\/430592\/revisions"}],"predecessor-version":[{"id":430594,"href":"https:\/\/zjarr.tv\/en\/wp-json\/wp\/v2\/posts\/430592\/revisions\/430594"}],"wp:featuredmedia":[{"embeddable":true,"href":"https:\/\/zjarr.tv\/en\/wp-json\/wp\/v2\/media\/430593"}],"wp:attachment":[{"href":"https:\/\/zjarr.tv\/en\/wp-json\/wp\/v2\/media?parent=430592"}],"wp:term":[{"taxonomy":"category","embeddable":true,"href":"https:\/\/zjarr.tv\/en\/wp-json\/wp\/v2\/categories?post=430592"},{"taxonomy":"post_tag","embeddable":true,"href":"https:\/\/zjarr.tv\/en\/wp-json\/wp\/v2\/tags?post=430592"}],"curies":[{"name":"wp","href":"https:\/\/api.w.org\/{rel}","templated":true}]}}