{"id":430598,"date":"2026-09-02T10:26:58","date_gmt":"2026-09-02T08:26:58","guid":{"rendered":"https:\/\/zjarr.tv\/?p=430598"},"modified":"2026-09-02T10:27:06","modified_gmt":"2026-09-02T08:27:06","slug":"veliaj-ka-pritshmeri-se-do-te-lirohet-manjani-tregon-tre-skenaret-e-vendimit-te-gjykates-se-larte-per-kryebashkiakun","status":"publish","type":"post","link":"https:\/\/zjarr.tv\/en\/veliaj-ka-pritshmeri-se-do-te-lirohet-manjani-tregon-tre-skenaret-e-vendimit-te-gjykates-se-larte-per-kryebashkiakun\/","title":{"rendered":"\u201cVeliaj ka pritshm\u00ebri se do t\u00eb lirohet\u201d, Manjani tregon tre skenar\u00ebt e vendimit t\u00eb Gjykat\u00ebs s\u00eb Lart\u00eb p\u00ebr kryebashkiakun"},"content":{"rendered":"<p class=\"wp-block-paragraph\">I ftuar n\u00eb \u201cNow me Erla M\u00ebhillin\u201d, juristi Ylli Manjani i ka lidhur l\u00ebvizjet e fundit n\u00eb Bashkin\u00eb e Tiran\u00ebs edhe me seanc\u00ebn q\u00eb do t\u00eb zhvillohet n\u00eb Gjykat\u00ebn e Lart\u00eb, e cila pritet t\u00eb marr\u00eb nj\u00eb vendim p\u00ebr mas\u00ebn e siguris\u00eb ndaj kryebashkiakut Erion Veliaj.<\/p>\n\n\n\n<p class=\"wp-block-paragraph\">Manjani tha se n\u00eb debatin publik, sa her\u00eb q\u00eb b\u00ebhet fjal\u00eb p\u00ebr Veliajn, p\u00ebrs\u00ebritet vazhdimisht mund\u00ebsia q\u00eb ai t\u00eb dal\u00eb nga burgu, nd\u00ebrsa sipas tij, kjo ka krijuar nj\u00eb pritshm\u00ebri t\u00eb lart\u00eb n\u00eb lidhje me vendimin e Gjykat\u00ebs s\u00eb Lart\u00eb.<\/p>\n\n\n\n<p class=\"wp-block-paragraph\">Sipas juristit, Veliaj ka pritshm\u00ebri t\u00eb m\u00ebdha p\u00ebr seanc\u00ebn e 15 shtatorit n\u00eb Gjykat\u00ebn e Lart\u00eb, nd\u00ebrsa t\u00eb nj\u00ebjt\u00ebn pritshm\u00ebri kan\u00eb edhe aktor\u00eb t\u00eb tjer\u00eb q\u00eb ndjekin nga af\u00ebr \u00e7\u00ebshtjen nd\u00ebrsa renditi tre alternativat q\u00eb mund t\u00eb ket\u00eb Gjykata e Lart\u00eb n\u00eb lidhje me mas\u00ebn e siguris\u00eb.<\/p>\n\n\n\n<p class=\"wp-block-paragraph\">\u201c\u201cSa her\u00eb bie fjala p\u00ebr Veliajn, t\u00eb gjith\u00eb, armiqt\u00eb ose miqt\u00eb e tij, thon\u00eb: prit se edhe mund t\u00eb dal\u00eb nga burgu. Ka filluar t\u00eb thuhet q\u00eb mund t\u00eb dal\u00eb nga burgu, dikush tjet\u00ebr thot\u00eb rri kot aty, dikush tjet\u00ebr thot\u00eb \u00ebsht\u00eb kryetar dhe nuk e l\u00ebn\u00eb n\u00eb detyr\u00eb. Debati publik \u00ebsht\u00eb orientuar te kjo \u00e7\u00ebshtje dhe \u00ebsht\u00eb krijuar nj\u00eb pritshm\u00ebri e madhe p\u00ebr seanc\u00ebn e 15 shtatorit n\u00eb Gjykat\u00ebn e Lart\u00eb. Veliaj ka pritshm\u00ebri t\u00eb m\u00ebdha, por edhe t\u00eb tjer\u00ebt q\u00eb e ndjekin k\u00ebt\u00eb \u00e7\u00ebshtje presin t\u00eb shohin se \u00e7far\u00eb do t\u00eb b\u00ebj\u00eb Gjykata e Lart\u00eb. Jan\u00eb tre alternativa: e para, t\u00eb shfuqizoj\u00eb mas\u00ebn \u2018arrest me burg\u2019 dhe t\u00eb vendos\u00eb nj\u00eb mas\u00eb tjet\u00ebr; e dyta, ta prish\u00eb vendimin dhe t\u2019ia kthej\u00eb \u00e7\u00ebshtjen Apelit p\u00ebr rishqyrtim; dhe e treta, t\u00eb l\u00ebr\u00eb n\u00eb fuqi mas\u00ebn e \u2018arrestit me burg\u2019\u201d, u shpreh Manjani.<ins><a href=\"https:\/\/ads.euronews.al\/www\/delivery\/cl.php?bannerid=143&amp;zoneid=75&amp;sig=6a800e33d99a6bb79e533a54228c95feb261f93a556f84359dbf3391ad227bc1&amp;dest=https%3A%2F%2Fwww.fibank.al%2Fen%2Findivide%2Fdepozita-dhe-investime%2Fdepozita%2Fdepozite-me-afat-%2522kursimet-e-viteve-te-arta-2026%2522%2F\" target=\"_blank\" rel=\"noreferrer noopener\"><\/a><\/ins><\/p>","protected":false},"excerpt":{"rendered":"<p>I ftuar n\u00eb \u201cNow me Erla M\u00ebhillin\u201d, juristi Ylli Manjani i ka lidhur l\u00ebvizjet e fundit n\u00eb Bashkin\u00eb e Tiran\u00ebs edhe me seanc\u00ebn q\u00eb do t\u00eb zhvillohet n\u00eb Gjykat\u00ebn e Lart\u00eb, e cila pritet t\u00eb marr\u00eb nj\u00eb vendim p\u00ebr mas\u00ebn e siguris\u00eb ndaj kryebashkiakut Erion Veliaj. Manjani tha se n\u00eb debatin publik, sa her\u00eb q\u00eb [&hellip;]<\/p>\n","protected":false},"author":2013,"featured_media":430599,"comment_status":"closed","ping_status":"closed","sticky":false,"template":"","format":"standard","meta":{"footnotes":""},"categories":[241,364,5380,231,1454,235],"tags":[],"class_list":["post-430598","post","type-post","status-publish","format-standard","has-post-thumbnail","category-aktualitet","category-koment-opinion","category-kryesore","category-lajme","category-politike","category-vendi"],"_links":{"self":[{"href":"https:\/\/zjarr.tv\/en\/wp-json\/wp\/v2\/posts\/430598","targetHints":{"allow":["GET"]}}],"collection":[{"href":"https:\/\/zjarr.tv\/en\/wp-json\/wp\/v2\/posts"}],"about":[{"href":"https:\/\/zjarr.tv\/en\/wp-json\/wp\/v2\/types\/post"}],"author":[{"embeddable":true,"href":"https:\/\/zjarr.tv\/en\/wp-json\/wp\/v2\/users\/2013"}],"replies":[{"embeddable":true,"href":"https:\/\/zjarr.tv\/en\/wp-json\/wp\/v2\/comments?post=430598"}],"version-history":[{"count":1,"href":"https:\/\/zjarr.tv\/en\/wp-json\/wp\/v2\/posts\/430598\/revisions"}],"predecessor-version":[{"id":430600,"href":"https:\/\/zjarr.tv\/en\/wp-json\/wp\/v2\/posts\/430598\/revisions\/430600"}],"wp:featuredmedia":[{"embeddable":true,"href":"https:\/\/zjarr.tv\/en\/wp-json\/wp\/v2\/media\/430599"}],"wp:attachment":[{"href":"https:\/\/zjarr.tv\/en\/wp-json\/wp\/v2\/media?parent=430598"}],"wp:term":[{"taxonomy":"category","embeddable":true,"href":"https:\/\/zjarr.tv\/en\/wp-json\/wp\/v2\/categories?post=430598"},{"taxonomy":"post_tag","embeddable":true,"href":"https:\/\/zjarr.tv\/en\/wp-json\/wp\/v2\/tags?post=430598"}],"curies":[{"name":"wp","href":"https:\/\/api.w.org\/{rel}","templated":true}]}}