{"id":430607,"date":"2026-09-02T13:15:00","date_gmt":"2026-09-02T11:15:00","guid":{"rendered":"https:\/\/zjarr.tv\/?p=430607"},"modified":"2026-09-02T13:24:28","modified_gmt":"2026-09-02T11:24:28","slug":"arrestimi-i-14-protestuesve-qytetaret-mblidhen-para-komisariatit-nr-3-me-thirrje-per-lirimin-e-tyre","status":"publish","type":"post","link":"https:\/\/zjarr.tv\/en\/arrestimi-i-14-protestuesve-qytetaret-mblidhen-para-komisariatit-nr-3-me-thirrje-per-lirimin-e-tyre\/","title":{"rendered":"Arrestimi i 14 protestuesve, qytetar\u00ebt mblidhen para Komisariatit nr.3 me thirrje p\u00ebr lirimin e tyre"},"content":{"rendered":"<p class=\"wp-block-paragraph\">Pas arrestimit t\u00eb 14 protestuesve pasi bllokuan hyrje-daljet t\u00eb Kryeministris\u00eb dhe p\u00ebrplasjeve me policin\u00eb disa qytetar\u00eb jan\u00eb mbledhur para Komisariatit nr.3 ku k\u00ebrkojn\u00eb lirimin e tyre.<\/p>\n\n\n\n<p class=\"wp-block-paragraph\">Me flamuj kuqezi ata d\u00ebgjohen t\u00eb th\u00ebrrasin \u2018Lironi shqipet dhe nuk jeni vet\u00ebm\u2019.<\/p>\n\n\n\n<p class=\"wp-block-paragraph\">Mes t\u00eb arrestuarve jan\u00eb edhe Edison Lika, Arvina Lleshi, Dritan Goxhaj apo Arben Kola q\u00eb njihen si organizator\u00eb t\u00eb tubimeve.<\/p>\n\n\n\n<p class=\"wp-block-paragraph\">Edhe nj\u00eb nat\u00eb m\u00eb par\u00eb para k\u00ebtij rajoni ata k\u00ebrkuan lirimin e tyre me thirrje fyese n\u00eb kor kund\u00ebr efektiv\u00ebve t\u00eb Policis\u00eb dhe Qeveris\u00eb.<\/p>\n\n\n\n<p class=\"wp-block-paragraph\"><a target=\"_blank\" href=\"https:\/\/www.facebook.com\/sharer\/sharer.php?u=https%3A%2F%2Falfapress.al%2Farrestimi-i-14-protestuesve-qytetaret-mblidhen-para-komisariatit-nr-3-me-thirrje-per-lirimin-e-tyre-i201938\" rel=\"noreferrer noopener\"><\/a><a target=\"_blank\" href=\"https:\/\/api.whatsapp.com\/send?text=Arrestimi%20i%2014%20protestuesve%2C%20qytetar%C3%ABt%20mblidhen%20para%20Komisariatit%20nr.3%20me%20thirrje%20p%C3%ABr%20lirimin%20e%20tyre%20-%20POLITIK%C3%8B...https%3A%2F%2Falfapress.al%2Farrestimi-i-14-protestuesve-qytetaret-mblidhen-para-komisariatit-nr-3-me-thirrje-per-lirimin-e-tyre-i201938\" rel=\"noreferrer noopener\"><\/a><a target=\"_blank\" href=\"https:\/\/twitter.com\/intent\/tweet?text=Arrestimi%20i%2014%20protestuesve%2C%20qytetar%C3%ABt%20mblidhen%20para%20Komisariatit%20nr.3%20me%20thirrje%20p%C3%ABr%20lirimin%20e%20tyre%20-%20POLITIK%C3%8B...https%3A%2F%2Falfapress.al%2Farrestimi-i-14-protestuesve-qytetaret-mblidhen-para-komisariatit-nr-3-me-thirrje-per-lirimin-e-tyre-i201938\" rel=\"noreferrer noopener\"><\/a><a target=\"_blank\" href=\"https:\/\/www.linkedin.com\/sharing\/share-offsite\/?url=https%3A%2F%2Falfapress.al%2Farrestimi-i-14-protestuesve-qytetaret-mblidhen-para-komisariatit-nr-3-me-thirrje-per-lirimin-e-tyre-i201938\" rel=\"noreferrer noopener\"><\/a><\/p>","protected":false},"excerpt":{"rendered":"<p>Pas arrestimit t\u00eb 14 protestuesve pasi bllokuan hyrje-daljet t\u00eb Kryeministris\u00eb dhe p\u00ebrplasjeve me policin\u00eb disa qytetar\u00eb jan\u00eb mbledhur para Komisariatit nr.3 ku k\u00ebrkojn\u00eb lirimin e tyre. Me flamuj kuqezi ata d\u00ebgjohen t\u00eb th\u00ebrrasin \u2018Lironi shqipet dhe nuk jeni vet\u00ebm\u2019. Mes t\u00eb arrestuarve jan\u00eb edhe Edison Lika, Arvina Lleshi, Dritan Goxhaj apo Arben Kola q\u00eb njihen [&hellip;]<\/p>\n","protected":false},"author":2013,"featured_media":430608,"comment_status":"closed","ping_status":"closed","sticky":false,"template":"","format":"standard","meta":{"footnotes":""},"categories":[241,364,5380,231,235],"tags":[],"class_list":["post-430607","post","type-post","status-publish","format-standard","has-post-thumbnail","category-aktualitet","category-koment-opinion","category-kryesore","category-lajme","category-vendi"],"_links":{"self":[{"href":"https:\/\/zjarr.tv\/en\/wp-json\/wp\/v2\/posts\/430607","targetHints":{"allow":["GET"]}}],"collection":[{"href":"https:\/\/zjarr.tv\/en\/wp-json\/wp\/v2\/posts"}],"about":[{"href":"https:\/\/zjarr.tv\/en\/wp-json\/wp\/v2\/types\/post"}],"author":[{"embeddable":true,"href":"https:\/\/zjarr.tv\/en\/wp-json\/wp\/v2\/users\/2013"}],"replies":[{"embeddable":true,"href":"https:\/\/zjarr.tv\/en\/wp-json\/wp\/v2\/comments?post=430607"}],"version-history":[{"count":1,"href":"https:\/\/zjarr.tv\/en\/wp-json\/wp\/v2\/posts\/430607\/revisions"}],"predecessor-version":[{"id":430609,"href":"https:\/\/zjarr.tv\/en\/wp-json\/wp\/v2\/posts\/430607\/revisions\/430609"}],"wp:featuredmedia":[{"embeddable":true,"href":"https:\/\/zjarr.tv\/en\/wp-json\/wp\/v2\/media\/430608"}],"wp:attachment":[{"href":"https:\/\/zjarr.tv\/en\/wp-json\/wp\/v2\/media?parent=430607"}],"wp:term":[{"taxonomy":"category","embeddable":true,"href":"https:\/\/zjarr.tv\/en\/wp-json\/wp\/v2\/categories?post=430607"},{"taxonomy":"post_tag","embeddable":true,"href":"https:\/\/zjarr.tv\/en\/wp-json\/wp\/v2\/tags?post=430607"}],"curies":[{"name":"wp","href":"https:\/\/api.w.org\/{rel}","templated":true}]}}