{"id":430613,"date":"2026-09-02T14:24:52","date_gmt":"2026-09-02T12:24:52","guid":{"rendered":"https:\/\/zjarr.tv\/?p=430613"},"modified":"2026-09-02T14:24:54","modified_gmt":"2026-09-02T12:24:54","slug":"levizje-te-tjera-ne-bashkine-e-tiranes-veliaj-shkarkon-nenkryetarin-blendi-sulaj","status":"publish","type":"post","link":"https:\/\/zjarr.tv\/en\/levizje-te-tjera-ne-bashkine-e-tiranes-veliaj-shkarkon-nenkryetarin-blendi-sulaj\/","title":{"rendered":"L\u00ebvizje t\u00eb tjera n\u00eb bashkin\u00eb e Tiran\u00ebs, Veliaj shkarkon n\u00ebnkryetarin, Blendi Sulaj"},"content":{"rendered":"<p class=\"wp-block-paragraph\">T\u00eb tjera ndryshime n\u00eb Bashkin\u00eb e Tiran\u00ebs. Kryebashkiaku Erion Veliaj ka shkarkuar nga detyra n\u00ebnkryetarin e bashkis\u00eb, Blendi Sulaj.<\/p>\n\n\n\n<p class=\"wp-block-paragraph\">Vendimi vjen n\u00eb kuad\u00ebr t\u00eb l\u00ebvizjeve t\u00eb fundit n\u00eb administrat\u00ebn e Bashkis\u00eb s\u00eb Tiran\u00ebs.<\/p>\n\n\n\n<p class=\"wp-block-paragraph\">Kujtojm\u00eb q\u00eb m\u00eb 28 gusht, kryebashkiaku Erion Veliaj i hoqi delegimin e kompetencave q\u00eb i kishte dh\u00ebn\u00eb Anuela Ristanit p\u00ebr drejtimin e institucionit.<\/p>\n\n\n\n<p class=\"wp-block-paragraph\">Nd\u00ebrkoh\u00eb dit\u00ebn e djeshme (1 shtator) dha dor\u00ebheqjen edhe Sekretari I P\u00ebrgjithsh\u00ebm i bashkis\u00eb, Eldi Hoxha.<\/p>\n\n\n\n<p class=\"wp-block-paragraph\">N\u00eb vend t\u00eb tij, Veliaj komandoi s\u00ebrish Alban Dokushin, i cili kishte mbajtur m\u00eb her\u00ebt k\u00ebt\u00eb pozicion dhe ishte rikthyer n\u00eb detyr\u00eb pas nj\u00eb vendimi t\u00eb Gjykat\u00ebs Administrative<\/p>\n\n\n\n<p class=\"wp-block-paragraph\"><a href=\"https:\/\/tpz.al\/erjon-veliaj-e-fut-bashkine-e-kryeqytetit-ne-ngerc-per-betejen-e-tij-ligjore-i331831\"><\/a><\/p>","protected":false},"excerpt":{"rendered":"<p>T\u00eb tjera ndryshime n\u00eb Bashkin\u00eb e Tiran\u00ebs. Kryebashkiaku Erion Veliaj ka shkarkuar nga detyra n\u00ebnkryetarin e bashkis\u00eb, Blendi Sulaj. Vendimi vjen n\u00eb kuad\u00ebr t\u00eb l\u00ebvizjeve t\u00eb fundit n\u00eb administrat\u00ebn e Bashkis\u00eb s\u00eb Tiran\u00ebs. Kujtojm\u00eb q\u00eb m\u00eb 28 gusht, kryebashkiaku Erion Veliaj i hoqi delegimin e kompetencave q\u00eb i kishte dh\u00ebn\u00eb Anuela Ristanit p\u00ebr drejtimin e [&hellip;]<\/p>\n","protected":false},"author":2013,"featured_media":430614,"comment_status":"closed","ping_status":"closed","sticky":false,"template":"","format":"standard","meta":{"footnotes":""},"categories":[241,5380,231,1454,235],"tags":[],"class_list":["post-430613","post","type-post","status-publish","format-standard","has-post-thumbnail","category-aktualitet","category-kryesore","category-lajme","category-politike","category-vendi"],"_links":{"self":[{"href":"https:\/\/zjarr.tv\/en\/wp-json\/wp\/v2\/posts\/430613","targetHints":{"allow":["GET"]}}],"collection":[{"href":"https:\/\/zjarr.tv\/en\/wp-json\/wp\/v2\/posts"}],"about":[{"href":"https:\/\/zjarr.tv\/en\/wp-json\/wp\/v2\/types\/post"}],"author":[{"embeddable":true,"href":"https:\/\/zjarr.tv\/en\/wp-json\/wp\/v2\/users\/2013"}],"replies":[{"embeddable":true,"href":"https:\/\/zjarr.tv\/en\/wp-json\/wp\/v2\/comments?post=430613"}],"version-history":[{"count":1,"href":"https:\/\/zjarr.tv\/en\/wp-json\/wp\/v2\/posts\/430613\/revisions"}],"predecessor-version":[{"id":430615,"href":"https:\/\/zjarr.tv\/en\/wp-json\/wp\/v2\/posts\/430613\/revisions\/430615"}],"wp:featuredmedia":[{"embeddable":true,"href":"https:\/\/zjarr.tv\/en\/wp-json\/wp\/v2\/media\/430614"}],"wp:attachment":[{"href":"https:\/\/zjarr.tv\/en\/wp-json\/wp\/v2\/media?parent=430613"}],"wp:term":[{"taxonomy":"category","embeddable":true,"href":"https:\/\/zjarr.tv\/en\/wp-json\/wp\/v2\/categories?post=430613"},{"taxonomy":"post_tag","embeddable":true,"href":"https:\/\/zjarr.tv\/en\/wp-json\/wp\/v2\/tags?post=430613"}],"curies":[{"name":"wp","href":"https:\/\/api.w.org\/{rel}","templated":true}]}}