{"id":430619,"date":"2026-09-02T15:19:34","date_gmt":"2026-09-02T13:19:34","guid":{"rendered":"https:\/\/zjarr.tv\/?p=430619"},"modified":"2026-09-02T15:19:48","modified_gmt":"2026-09-02T13:19:48","slug":"helmohen-120-persona-ne-fushe-arrez-ja-cfare-dyshohet","status":"publish","type":"post","link":"https:\/\/zjarr.tv\/en\/helmohen-120-persona-ne-fushe-arrez-ja-cfare-dyshohet\/","title":{"rendered":"Helmohen 120 persona n\u00eb Fush\u00eb Arr\u00ebz, ja \u00e7far\u00eb dyshohet"},"content":{"rendered":"<p class=\"wp-block-paragraph\">Rreth 120 banor\u00eb t\u00eb Fush\u00eb-Arr\u00ebzit jan\u00eb paraqitur gjat\u00eb 4 dit\u00ebve t\u00eb fundit n\u00eb Qendr\u00ebn Sh\u00ebndet\u00ebsore t\u00eb qytetit, me simptoma helmimi, q\u00eb dyshohet se iu \u00ebsht\u00eb shkaktuar nga ndotja e ujit t\u00eb pijsh\u00ebm.<\/p>\n\n\n\n<p class=\"wp-block-paragraph\">Nj\u00eb dit\u00eb m\u00eb par\u00eb, banor\u00ebt denoncuan rastin p\u00ebr News24, duke b\u00ebr\u00eb me dije se uji i pijsh\u00ebm mbante er\u00eb t\u00eb r\u00ebnd\u00eb, nd\u00ebrsa autoritetet nuk kishin marr\u00eb asnj\u00eb mas\u00eb, pavar\u00ebsisht ankesave t\u00eb tyre.<\/p>\n\n\n\n<p class=\"wp-block-paragraph\">Strukturat e Sh\u00ebndetit Publik dhe ato t\u00eb Higjien\u00ebs kan\u00eb marr\u00eb kampion\u00eb t\u00eb ujit t\u00eb pijsh\u00ebm q\u00eb shkon n\u00eb rubinetet e qytetar\u00ebve, p\u00ebr t\u2019iu n\u00ebnshtruar analizave laboratorike, por ende nuk ka nj\u00eb p\u00ebrgjigje zyrtare.<\/p>\n\n\n\n<p class=\"wp-block-paragraph\">Lidhur me k\u00ebt\u00eb rast q\u00eb ka shkaktuar helmimin e qindra banor\u00ebve ka reaguar edhe N\u00ebnkryetari i Bashkis\u00eb s\u00eb Fush\u00eb-Arr\u00ebzit, Mikel Qafa, i cili thot\u00eb se p\u00ebrgjegj\u00ebsia p\u00ebr ujin i takon Shoq\u00ebris\u00eb Rajonale t\u00eb Uj\u00ebsjell\u00ebs-Kanalizimeve Shkod\u00ebr. P\u00ebr n\u00ebnkryetarin e bashkis\u00eb, kjo \u00ebsht\u00eb rrjedhoj\u00eb e p\u00ebrpjekjeve t\u00eb vazhdueshme t\u00eb pushtetit p\u00ebr largimin e sh\u00ebrbimeve nga qytetar\u00ebt, duke u bazuar k\u00ebshtu n\u00eb propozimin e fundit, q\u00eb Fush\u00eb-Arr\u00ebzi t\u00eb shkrihet me Bashkin\u00eb Puk\u00eb.<\/p>\n\n\n\n<p class=\"wp-block-paragraph\">T\u00eb gjendur pa zgjidhje institucionale prej dit\u00ebsh, banor\u00ebt e Fush\u00eb-Arr\u00ebzit kan\u00eb gjetur si alternativ\u00eb mbushjen e ujit n\u00eb kroje.<\/p>","protected":false},"excerpt":{"rendered":"<p>Rreth 120 banor\u00eb t\u00eb Fush\u00eb-Arr\u00ebzit jan\u00eb paraqitur gjat\u00eb 4 dit\u00ebve t\u00eb fundit n\u00eb Qendr\u00ebn Sh\u00ebndet\u00ebsore t\u00eb qytetit, me simptoma helmimi, q\u00eb dyshohet se iu \u00ebsht\u00eb shkaktuar nga ndotja e ujit t\u00eb pijsh\u00ebm. Nj\u00eb dit\u00eb m\u00eb par\u00eb, banor\u00ebt denoncuan rastin p\u00ebr News24, duke b\u00ebr\u00eb me dije se uji i pijsh\u00ebm mbante er\u00eb t\u00eb r\u00ebnd\u00eb, nd\u00ebrsa autoritetet [&hellip;]<\/p>\n","protected":false},"author":2013,"featured_media":430620,"comment_status":"closed","ping_status":"closed","sticky":false,"template":"","format":"standard","meta":{"footnotes":""},"categories":[241,5380,231,235],"tags":[],"class_list":["post-430619","post","type-post","status-publish","format-standard","has-post-thumbnail","category-aktualitet","category-kryesore","category-lajme","category-vendi"],"_links":{"self":[{"href":"https:\/\/zjarr.tv\/en\/wp-json\/wp\/v2\/posts\/430619","targetHints":{"allow":["GET"]}}],"collection":[{"href":"https:\/\/zjarr.tv\/en\/wp-json\/wp\/v2\/posts"}],"about":[{"href":"https:\/\/zjarr.tv\/en\/wp-json\/wp\/v2\/types\/post"}],"author":[{"embeddable":true,"href":"https:\/\/zjarr.tv\/en\/wp-json\/wp\/v2\/users\/2013"}],"replies":[{"embeddable":true,"href":"https:\/\/zjarr.tv\/en\/wp-json\/wp\/v2\/comments?post=430619"}],"version-history":[{"count":1,"href":"https:\/\/zjarr.tv\/en\/wp-json\/wp\/v2\/posts\/430619\/revisions"}],"predecessor-version":[{"id":430621,"href":"https:\/\/zjarr.tv\/en\/wp-json\/wp\/v2\/posts\/430619\/revisions\/430621"}],"wp:featuredmedia":[{"embeddable":true,"href":"https:\/\/zjarr.tv\/en\/wp-json\/wp\/v2\/media\/430620"}],"wp:attachment":[{"href":"https:\/\/zjarr.tv\/en\/wp-json\/wp\/v2\/media?parent=430619"}],"wp:term":[{"taxonomy":"category","embeddable":true,"href":"https:\/\/zjarr.tv\/en\/wp-json\/wp\/v2\/categories?post=430619"},{"taxonomy":"post_tag","embeddable":true,"href":"https:\/\/zjarr.tv\/en\/wp-json\/wp\/v2\/tags?post=430619"}],"curies":[{"name":"wp","href":"https:\/\/api.w.org\/{rel}","templated":true}]}}