{"id":430622,"date":"2026-09-03T09:11:43","date_gmt":"2026-09-03T07:11:43","guid":{"rendered":"https:\/\/zjarr.tv\/?p=430622"},"modified":"2026-09-03T09:11:46","modified_gmt":"2026-09-03T07:11:46","slug":"cfare-i-kerkoi-rama-ministres-sala-qe-iku-koka-po-perflitet-nje-kontrate","status":"publish","type":"post","link":"https:\/\/zjarr.tv\/en\/cfare-i-kerkoi-rama-ministres-sala-qe-iku-koka-po-perflitet-nje-kontrate\/","title":{"rendered":"\u00c7far\u00eb i k\u00ebrkoi Rama ministres Sala q\u00eb iku? Koka: Po p\u00ebrflitet nj\u00eb kontrat\u00eb"},"content":{"rendered":"<p class=\"wp-block-paragraph\">Dor\u00ebheqja e ministres s\u00eb Sh\u00ebndet\u00ebsis\u00eb Evis Sala ka ngritur dyshimet mbi arsyet t\u00eb cilat sipas gazetarit Bledian Koka qarkullojn\u00eb n\u00eb ambientet politike dhe sh\u00ebndet\u00ebsore.<\/p>\n\n\n\n<p class=\"wp-block-paragraph\">N\u00eb Off the Record ai tha se Sala mund t\u00eb ket\u00eb zgjedhur t\u00eb largohet p\u00ebrpara se t\u00eb p\u00ebrballej me vendime t\u00eb v\u00ebshtira, sikurse qarkullojn\u00eb z\u00ebrat p\u00ebr krijimin e nj\u00eb agjencie q\u00eb do t\u00eb p\u00ebrqendronte tenderat e Ministris\u00eb s\u00eb Sh\u00ebndet\u00ebsis\u00eb.<\/p>\n\n\n\n<p class=\"wp-block-paragraph\"><em>\u201cKa dhe nj\u00eb thashethem tjet\u00ebr q\u00eb flitet p\u00ebr ikjen e zonj\u00ebs Sala dhe k\u00ebtu futemi te fakti q\u00eb ndoshta kjo kishte nj\u00eb far\u00eb integriteti, sepse flitet se kjo qeveria q\u00eb po privatizon dhe po jep shtetin me koncension dhe po i p\u00ebrqendron edhe at\u00eb q\u00eb ishte shtet\u00ebrore n\u00eb pak duar edhe t\u00eb gjith\u00eb tenderat e Ministris\u00eb s\u00eb Sh\u00ebndet\u00ebsis\u00eb prezumohet t\u00eb krijoj\u00eb nj\u00eb agjenci speciale, e cila do t\u00eb jet\u00eb n\u00eb dor\u00ebn e nj\u00eb qytetari q\u00eb s\u2019\u00ebsht\u00eb as shqiptar. P\u00ebr m\u00eb tep\u00ebr q\u00eb edhe kjo mbetet p\u00ebr t\u2019u par\u00eb q\u00eb edhe n\u00ebse kjo ndodh edhe kjo \u00ebsht\u00eb e r\u00ebnd\u00eb\u201d,<\/em>&nbsp;tha Koka.<\/p>\n\n\n\n<p class=\"wp-block-paragraph\">Sipas tij Evis Sala iku para se t\u00eb b\u00ebhej pis, teksa solli n\u00eb v\u00ebmendje ministrat e tjer\u00eb t\u00eb Ram\u00ebs q\u00eb kan\u00eb p\u00ebrfunduar n\u00eb dyert e SPAK.<\/p>\n\n\n\n<p class=\"wp-block-paragraph\"><em>\u201cAjo b\u00ebri mir\u00eb q\u00eb iku sa ishte n\u00eb koh\u00eb, sepse po t\u00eb mos kishte ikur jam i sigurt q\u00eb do detyrohej t\u00eb firmoste nj\u00eb gj\u00eb q\u00eb me sa duket zonja Sala nuk kishte k\u00ebllqe q\u00eb ta firmoste se n\u00eb koh\u00eb ashtu si\u00e7 kan\u00eb treguar dhe ministrat e tjer\u00eb para saj kur kan\u00eb firmosur kuturu, pastaj e kan\u00eb par\u00eb veten duke p\u00ebrplasur sa te nj\u00ebra der\u00eb e nj\u00eb prokurori te dera tjet\u00ebr e prokurorit\u201d.<\/em><\/p>","protected":false},"excerpt":{"rendered":"<p>Dor\u00ebheqja e ministres s\u00eb Sh\u00ebndet\u00ebsis\u00eb Evis Sala ka ngritur dyshimet mbi arsyet t\u00eb cilat sipas gazetarit Bledian Koka qarkullojn\u00eb n\u00eb ambientet politike dhe sh\u00ebndet\u00ebsore. N\u00eb Off the Record ai tha se Sala mund t\u00eb ket\u00eb zgjedhur t\u00eb largohet p\u00ebrpara se t\u00eb p\u00ebrballej me vendime t\u00eb v\u00ebshtira, sikurse qarkullojn\u00eb z\u00ebrat p\u00ebr krijimin e nj\u00eb agjencie q\u00eb [&hellip;]<\/p>\n","protected":false},"author":2013,"featured_media":430623,"comment_status":"closed","ping_status":"closed","sticky":false,"template":"","format":"standard","meta":{"footnotes":""},"categories":[241,364,5380,231,1454,235],"tags":[],"class_list":["post-430622","post","type-post","status-publish","format-standard","has-post-thumbnail","category-aktualitet","category-koment-opinion","category-kryesore","category-lajme","category-politike","category-vendi"],"_links":{"self":[{"href":"https:\/\/zjarr.tv\/en\/wp-json\/wp\/v2\/posts\/430622","targetHints":{"allow":["GET"]}}],"collection":[{"href":"https:\/\/zjarr.tv\/en\/wp-json\/wp\/v2\/posts"}],"about":[{"href":"https:\/\/zjarr.tv\/en\/wp-json\/wp\/v2\/types\/post"}],"author":[{"embeddable":true,"href":"https:\/\/zjarr.tv\/en\/wp-json\/wp\/v2\/users\/2013"}],"replies":[{"embeddable":true,"href":"https:\/\/zjarr.tv\/en\/wp-json\/wp\/v2\/comments?post=430622"}],"version-history":[{"count":1,"href":"https:\/\/zjarr.tv\/en\/wp-json\/wp\/v2\/posts\/430622\/revisions"}],"predecessor-version":[{"id":430624,"href":"https:\/\/zjarr.tv\/en\/wp-json\/wp\/v2\/posts\/430622\/revisions\/430624"}],"wp:featuredmedia":[{"embeddable":true,"href":"https:\/\/zjarr.tv\/en\/wp-json\/wp\/v2\/media\/430623"}],"wp:attachment":[{"href":"https:\/\/zjarr.tv\/en\/wp-json\/wp\/v2\/media?parent=430622"}],"wp:term":[{"taxonomy":"category","embeddable":true,"href":"https:\/\/zjarr.tv\/en\/wp-json\/wp\/v2\/categories?post=430622"},{"taxonomy":"post_tag","embeddable":true,"href":"https:\/\/zjarr.tv\/en\/wp-json\/wp\/v2\/tags?post=430622"}],"curies":[{"name":"wp","href":"https:\/\/api.w.org\/{rel}","templated":true}]}}