{"id":430625,"date":"2026-09-03T09:35:21","date_gmt":"2026-09-03T07:35:21","guid":{"rendered":"https:\/\/zjarr.tv\/?p=430625"},"modified":"2026-09-03T09:36:07","modified_gmt":"2026-09-03T07:36:07","slug":"ndryshime-ne-kabinet-rama-mbledh-sot-deputetet-dhe-ministrat-cfare-pritet-te-ndodh","status":"publish","type":"post","link":"https:\/\/zjarr.tv\/en\/ndryshime-ne-kabinet-rama-mbledh-sot-deputetet-dhe-ministrat-cfare-pritet-te-ndodh\/","title":{"rendered":"Ndryshime n\u00eb kabinet? Rama mbledh sot deputet\u00ebt dhe ministrat, \u00e7far\u00eb pritet t\u00eb ndodh?"},"content":{"rendered":"<p class=\"wp-block-paragraph\">Edi Rama do t\u00eb mbledh\u00eb m\u00ebngjesin e k\u00ebsaj t\u00eb enjte Grupin Parlamentar t\u00eb Partis\u00eb Socialiste dhe kabinetin qeveritar. Takimi pritet t\u00eb zhvillohet n\u00eb or\u00ebn 10:00, n\u00eb Pallatin e Brigadave.<\/p>\n\n\n\n<p class=\"wp-block-paragraph\">Sipas raportimeve n\u00eb media, n\u00eb qend\u00ebr t\u00eb diskutimeve pritet t\u00eb jet\u00eb koncepti i \u201cPranis\u00eb Besnike\u201d, nj\u00eb model i ri organizimi i socialist\u00ebve n\u00eb terren, nd\u00ebrsa raportohet se mbledhja mund t\u00eb sjell\u00eb edhe zhvillime n\u00eb qeveri.<\/p>\n\n\n\n<p class=\"wp-block-paragraph\">Rama pritet t\u00eb njoftoj\u00eb ndryshime t\u00eb mundshme n\u00eb kabinet, ndon\u00ebse ende nuk ka detaje zyrtare mbi ministrat q\u00eb mund t\u00eb preken nga l\u00ebvizjet.<\/p>\n\n\n\n<p class=\"wp-block-paragraph\">Nuk do t\u00eb ishte hera e par\u00eb q\u00eb Rama zgjedh nj\u00eb mbledhje t\u00eb p\u00ebrbashk\u00ebt t\u00eb deputet\u00ebve dhe ministrave p\u00ebr t\u00eb komunikuar ndryshime n\u00eb qeveri. Edhe n\u00eb janar t\u00eb k\u00ebtij viti, disa l\u00ebvizje n\u00eb kabinet u njoftuan pik\u00ebrisht n\u00eb nj\u00eb takim t\u00eb k\u00ebtij formati.<\/p>","protected":false},"excerpt":{"rendered":"<p>Edi Rama do t\u00eb mbledh\u00eb m\u00ebngjesin e k\u00ebsaj t\u00eb enjte Grupin Parlamentar t\u00eb Partis\u00eb Socialiste dhe kabinetin qeveritar. Takimi pritet t\u00eb zhvillohet n\u00eb or\u00ebn 10:00, n\u00eb Pallatin e Brigadave. Sipas raportimeve n\u00eb media, n\u00eb qend\u00ebr t\u00eb diskutimeve pritet t\u00eb jet\u00eb koncepti i \u201cPranis\u00eb Besnike\u201d, nj\u00eb model i ri organizimi i socialist\u00ebve n\u00eb terren, nd\u00ebrsa raportohet [&hellip;]<\/p>\n","protected":false},"author":2013,"featured_media":430626,"comment_status":"closed","ping_status":"closed","sticky":false,"template":"","format":"standard","meta":{"footnotes":""},"categories":[241,364,5380,231,1454,235],"tags":[],"class_list":["post-430625","post","type-post","status-publish","format-standard","has-post-thumbnail","category-aktualitet","category-koment-opinion","category-kryesore","category-lajme","category-politike","category-vendi"],"_links":{"self":[{"href":"https:\/\/zjarr.tv\/en\/wp-json\/wp\/v2\/posts\/430625","targetHints":{"allow":["GET"]}}],"collection":[{"href":"https:\/\/zjarr.tv\/en\/wp-json\/wp\/v2\/posts"}],"about":[{"href":"https:\/\/zjarr.tv\/en\/wp-json\/wp\/v2\/types\/post"}],"author":[{"embeddable":true,"href":"https:\/\/zjarr.tv\/en\/wp-json\/wp\/v2\/users\/2013"}],"replies":[{"embeddable":true,"href":"https:\/\/zjarr.tv\/en\/wp-json\/wp\/v2\/comments?post=430625"}],"version-history":[{"count":1,"href":"https:\/\/zjarr.tv\/en\/wp-json\/wp\/v2\/posts\/430625\/revisions"}],"predecessor-version":[{"id":430627,"href":"https:\/\/zjarr.tv\/en\/wp-json\/wp\/v2\/posts\/430625\/revisions\/430627"}],"wp:featuredmedia":[{"embeddable":true,"href":"https:\/\/zjarr.tv\/en\/wp-json\/wp\/v2\/media\/430626"}],"wp:attachment":[{"href":"https:\/\/zjarr.tv\/en\/wp-json\/wp\/v2\/media?parent=430625"}],"wp:term":[{"taxonomy":"category","embeddable":true,"href":"https:\/\/zjarr.tv\/en\/wp-json\/wp\/v2\/categories?post=430625"},{"taxonomy":"post_tag","embeddable":true,"href":"https:\/\/zjarr.tv\/en\/wp-json\/wp\/v2\/tags?post=430625"}],"curies":[{"name":"wp","href":"https:\/\/api.w.org\/{rel}","templated":true}]}}