{"id":430628,"date":"2026-09-03T10:06:40","date_gmt":"2026-09-03T08:06:40","guid":{"rendered":"https:\/\/zjarr.tv\/?p=430628"},"modified":"2026-09-03T10:06:45","modified_gmt":"2026-09-03T08:06:45","slug":"te-shtena-me-arme-zjarri-ne-mirdite-vritet-vellai-i-martin-bardhit","status":"publish","type":"post","link":"https:\/\/zjarr.tv\/en\/te-shtena-me-arme-zjarri-ne-mirdite-vritet-vellai-i-martin-bardhit\/","title":{"rendered":"T\u00eb sht\u00ebna me arm\u00eb zjarri n\u00eb Mirdit\u00eb, vritet v\u00ebllai i Martin Bardhit"},"content":{"rendered":"<p class=\"wp-block-paragraph\">Nj\u00eb person \u00ebsht\u00eb q\u00eblluar p\u00ebr vdekje me arm\u00eb zjarri m\u00ebngjesin e sot\u00ebm n\u00eb fshatin Nd\u00ebrfushas t\u00eb Mirdit\u00ebs. Viktim\u00eb ka mbetur\u00a0<em>Viktor Bardhi<\/em>\u00a0dhe dyshohet se vrasja t\u00eb ket\u00eb ndodhur p\u00ebr motive hakmarrje.<\/p>\n\n\n\n<p class=\"wp-block-paragraph\">Viktor Bardhi \u00ebsht\u00eb gjetur i vdekur brenda n\u00eb automjet. Dyshimet jan\u00eb se vrasja e tij vjen me gjith\u00eb kalvarin e p\u00ebrplasjeve t\u00eb forta mes fisit Bardhi dhe Re\u00e7i.<\/p>\n\n\n\n<p class=\"wp-block-paragraph\">Viktima e atentatit t\u00eb sot\u00ebm \u00ebsht\u00eb v\u00ebllai i Martin Bardhit, i cili \u00ebsht\u00eb ekzekutuar n\u00eb vitin 2023 n\u00eb qend\u00ebr t\u00eb Rr\u00ebshenit n\u00eb lokalin e tij p\u00ebrpara komisariatit t\u00eb Mirdit\u00ebs teksa po pinte kafe. P\u00ebrpara se t\u00eb vritej nga bresh\u00ebria e plumbave, Martin Marku sapo kishte dal\u00eb nga burgu i akuzuar p\u00ebr tentativ\u00eb vrasje ndaj Saimir Re\u00e7it.<\/p>\n\n\n\n<p class=\"wp-block-paragraph\">Nd\u00ebrkoh\u00eb n\u00eb janar t\u00eb vitit 2025, Viktor Bardhit i ekzekutuan dhe nipin, Kristian Bardhi alias Marku n\u00eb aktin Fier \u2013 Vlor\u00eb. K\u00ebto ngjarje vijojn\u00eb t\u00eb jen\u00eb ende t\u00eb pazbardhura.<\/p>\n\n\n\n<p class=\"wp-block-paragraph\">Nd\u00ebrkoh\u00eb n\u00eb fshatin Monaz \u00ebsht\u00eb gjetur i djegur nj\u00eb automjet i dyshuar se i p\u00ebrket autor\u00ebve t\u00eb k\u00ebsaj ngjarje. &nbsp;Policia \u00ebsht\u00eb n\u00eb vendngjarje dhe t\u00eb dh\u00ebnat e deritanishme mbeten p\u00ebr tu hetuar dhe verifikuar. Nd\u00ebrkoh\u00eb jan\u00eb ngritur postblloqe n\u00eb Rrug\u00ebn e Kombit pran\u00eb Milotit me q\u00ebllim identifikimin apo kapjen e personave t\u00eb p\u00ebrfshir\u00eb.<\/p>","protected":false},"excerpt":{"rendered":"<p>Nj\u00eb person \u00ebsht\u00eb q\u00eblluar p\u00ebr vdekje me arm\u00eb zjarri m\u00ebngjesin e sot\u00ebm n\u00eb fshatin Nd\u00ebrfushas t\u00eb Mirdit\u00ebs. Viktim\u00eb ka mbetur\u00a0Viktor Bardhi\u00a0dhe dyshohet se vrasja t\u00eb ket\u00eb ndodhur p\u00ebr motive hakmarrje. Viktor Bardhi \u00ebsht\u00eb gjetur i vdekur brenda n\u00eb automjet. Dyshimet jan\u00eb se vrasja e tij vjen me gjith\u00eb kalvarin e p\u00ebrplasjeve t\u00eb forta mes fisit [&hellip;]<\/p>\n","protected":false},"author":2013,"featured_media":430629,"comment_status":"closed","ping_status":"closed","sticky":false,"template":"","format":"standard","meta":{"footnotes":""},"categories":[241,323,5380,231,235],"tags":[],"class_list":["post-430628","post","type-post","status-publish","format-standard","has-post-thumbnail","category-aktualitet","category-kronika-e-zeze","category-kryesore","category-lajme","category-vendi"],"_links":{"self":[{"href":"https:\/\/zjarr.tv\/en\/wp-json\/wp\/v2\/posts\/430628","targetHints":{"allow":["GET"]}}],"collection":[{"href":"https:\/\/zjarr.tv\/en\/wp-json\/wp\/v2\/posts"}],"about":[{"href":"https:\/\/zjarr.tv\/en\/wp-json\/wp\/v2\/types\/post"}],"author":[{"embeddable":true,"href":"https:\/\/zjarr.tv\/en\/wp-json\/wp\/v2\/users\/2013"}],"replies":[{"embeddable":true,"href":"https:\/\/zjarr.tv\/en\/wp-json\/wp\/v2\/comments?post=430628"}],"version-history":[{"count":1,"href":"https:\/\/zjarr.tv\/en\/wp-json\/wp\/v2\/posts\/430628\/revisions"}],"predecessor-version":[{"id":430630,"href":"https:\/\/zjarr.tv\/en\/wp-json\/wp\/v2\/posts\/430628\/revisions\/430630"}],"wp:featuredmedia":[{"embeddable":true,"href":"https:\/\/zjarr.tv\/en\/wp-json\/wp\/v2\/media\/430629"}],"wp:attachment":[{"href":"https:\/\/zjarr.tv\/en\/wp-json\/wp\/v2\/media?parent=430628"}],"wp:term":[{"taxonomy":"category","embeddable":true,"href":"https:\/\/zjarr.tv\/en\/wp-json\/wp\/v2\/categories?post=430628"},{"taxonomy":"post_tag","embeddable":true,"href":"https:\/\/zjarr.tv\/en\/wp-json\/wp\/v2\/tags?post=430628"}],"curies":[{"name":"wp","href":"https:\/\/api.w.org\/{rel}","templated":true}]}}