{"id":430640,"date":"2026-09-03T12:23:24","date_gmt":"2026-09-03T10:23:24","guid":{"rendered":"https:\/\/zjarr.tv\/?p=430640"},"modified":"2026-09-03T12:23:26","modified_gmt":"2026-09-03T10:23:26","slug":"rama-paralajmeron-deputetet-socialiste-kush-fut-njerez-ne-pune-do-ndiqet-penalisht","status":"publish","type":"post","link":"https:\/\/zjarr.tv\/en\/rama-paralajmeron-deputetet-socialiste-kush-fut-njerez-ne-pune-do-ndiqet-penalisht\/","title":{"rendered":"Rama paralajm\u00ebron deputet\u00ebt socialist\u00eb: Kush fut njer\u00ebz n\u00eb pun\u00eb, do ndiqet penalisht"},"content":{"rendered":"<p class=\"wp-block-paragraph\">N\u00eb mbledhjen e sotme t\u00eb qeveris\u00eb, kryeministri Edi Rama ka b\u00ebr\u00eb t\u00eb qart\u00eb se pjesa e mbetur e mandatit, do t\u2019i dedikohet, reformimit t\u00eb qasjes s\u00eb shtetit me qytetar\u00ebt dhe zgjidhjen e problematikave apo pak\u00ebnaq\u00ebsive.<\/p>\n\n\n\n<p class=\"wp-block-paragraph\">Si nj\u00ebr\u00ebn prej k\u00ebtyre, Rama ka evidentuar, t\u00eb menduarit se n\u00eb administrat\u00eb pun\u00ebsohen vet\u00ebm persona q\u00eb kan\u00eb lidhje apo kontakte me qeveritar\u00eb apo zyrtar\u00eb.<\/p>\n\n\n\n<p class=\"wp-block-paragraph\">\u201c<em>Un\u00eb do t\u00eb propozoj q\u00eb \u00e7do nd\u00ebrhyrje e nj\u00eb deputeti n\u00eb telefon p\u00ebr t\u00eb futur njeri n\u00eb pun\u00eb, t\u00eb jet\u00eb vep\u00ebr penale<\/em>\u201d, tha kreu i qeveris\u00eb e nd\u00ebr shtoi se secili prej deputet\u00ebve socialist\u00eb, do t\u00eb jet\u00eb i detyruar ta votoj\u00eb.<\/p>\n\n\n\n<p class=\"wp-block-paragraph\"><em>\u201cPo nd\u00ebrtojm\u00eb me Adean dhe ekipin, nj\u00eb Shkall\u00eb t\u00eb Merit\u00ebs q\u00eb nuk \u00ebsht\u00eb nj\u00eb tjet\u00ebr portal i administrat\u00ebs, por \u00ebsht\u00eb nj\u00eb hap\u00ebsir\u00eb p\u00ebr nj\u00eb marr\u00ebveshje t\u00eb shtetit me qytetar\u00ebt lidhur me karrier\u00ebn n\u00eb shtet q\u00eb fitohet, nuk dhurohet. N\u00ebse nj\u00eb i ri beson se p\u00ebr t\u00eb hyr\u00eb n\u00eb administrat\u00eb duhet t\u00eb njoh\u00eb dik\u00eb, ky \u00ebsht\u00eb problem. N\u00ebse t\u00eb gjith\u00eb besojn\u00eb q\u00eb sot n\u00eb administrat\u00eb hyjn\u00eb vet\u00ebm ata q\u00eb kan\u00eb nj\u00eb akses politik apo klientelist, kjo \u00ebsht\u00eb nj\u00eb tragjedi. E v\u00ebrteta \u00ebsht\u00eb shum\u00eb m\u00eb e larmishme dhe shum\u00eb larg t\u00eb dy k\u00ebtyre ekstremeve. \u00cbsht\u00eb n\u00eb mes.<\/em><\/p>\n\n\n\n<p class=\"wp-block-paragraph\"><em>Un\u00eb do t\u00eb propozoj q\u00eb \u00e7do nd\u00ebrhyrje e nj\u00eb deputeti n\u00eb telefon p\u00ebr t\u00eb futur njeri n\u00eb pun\u00eb, t\u00eb jet\u00eb vep\u00ebr penale. Do ju shoh t\u00eb gjith\u00ebve n\u00eb sy dhe do ju k\u00ebrkoj t\u00eb votoni. \u00c7do mesazh i \u00e7uar: fute k\u00ebt\u00eb, shife at\u00eb, t\u00eb konsiderohet vep\u00ebr penale. Nj\u00eb deputet q\u00eb b\u00ebn k\u00ebt\u00eb, nuk \u00ebsht\u00eb i denj\u00eb p\u00ebr t\u00eb p\u00ebrfaq\u00ebsuar ata t\u00eb tjer\u00eb q\u00eb nuk kan\u00eb akses, q\u00eb nuk jan\u00eb pjes\u00eb e rr\u00ebnj\u00ebve t\u00eb tarafit t\u00eb tij, apo shok\u00eb f\u00ebmij\u00ebrie. Vep\u00ebr penale. Shkalla e merit\u00ebs duhet t\u00eb krijoj\u00eb nj\u00eb arkitektur\u00eb t\u00eb qart\u00eb, grada t\u00eb b\u00ebhet pasuri profesionale e njeriut, jo pron\u00eb e postit q\u00eb mban sot apo e qeveris\u00eb q\u00eb vjen nes\u00ebr. N\u00eb anketimin e administrat\u00ebs publike, ka nj\u00eb t\u00eb dh\u00ebn\u00eb q\u00eb duhet t\u2019u mbetet t\u00eb gjith\u00ebve sot\u201d, tha Rama.<\/em><\/p>","protected":false},"excerpt":{"rendered":"<p>N\u00eb mbledhjen e sotme t\u00eb qeveris\u00eb, kryeministri Edi Rama ka b\u00ebr\u00eb t\u00eb qart\u00eb se pjesa e mbetur e mandatit, do t\u2019i dedikohet, reformimit t\u00eb qasjes s\u00eb shtetit me qytetar\u00ebt dhe zgjidhjen e problematikave apo pak\u00ebnaq\u00ebsive. Si nj\u00ebr\u00ebn prej k\u00ebtyre, Rama ka evidentuar, t\u00eb menduarit se n\u00eb administrat\u00eb pun\u00ebsohen vet\u00ebm persona q\u00eb kan\u00eb lidhje apo kontakte [&hellip;]<\/p>\n","protected":false},"author":2013,"featured_media":430641,"comment_status":"closed","ping_status":"closed","sticky":false,"template":"","format":"standard","meta":{"footnotes":""},"categories":[241,364,5380,231,1454,235],"tags":[],"class_list":["post-430640","post","type-post","status-publish","format-standard","has-post-thumbnail","category-aktualitet","category-koment-opinion","category-kryesore","category-lajme","category-politike","category-vendi"],"_links":{"self":[{"href":"https:\/\/zjarr.tv\/en\/wp-json\/wp\/v2\/posts\/430640","targetHints":{"allow":["GET"]}}],"collection":[{"href":"https:\/\/zjarr.tv\/en\/wp-json\/wp\/v2\/posts"}],"about":[{"href":"https:\/\/zjarr.tv\/en\/wp-json\/wp\/v2\/types\/post"}],"author":[{"embeddable":true,"href":"https:\/\/zjarr.tv\/en\/wp-json\/wp\/v2\/users\/2013"}],"replies":[{"embeddable":true,"href":"https:\/\/zjarr.tv\/en\/wp-json\/wp\/v2\/comments?post=430640"}],"version-history":[{"count":1,"href":"https:\/\/zjarr.tv\/en\/wp-json\/wp\/v2\/posts\/430640\/revisions"}],"predecessor-version":[{"id":430642,"href":"https:\/\/zjarr.tv\/en\/wp-json\/wp\/v2\/posts\/430640\/revisions\/430642"}],"wp:featuredmedia":[{"embeddable":true,"href":"https:\/\/zjarr.tv\/en\/wp-json\/wp\/v2\/media\/430641"}],"wp:attachment":[{"href":"https:\/\/zjarr.tv\/en\/wp-json\/wp\/v2\/media?parent=430640"}],"wp:term":[{"taxonomy":"category","embeddable":true,"href":"https:\/\/zjarr.tv\/en\/wp-json\/wp\/v2\/categories?post=430640"},{"taxonomy":"post_tag","embeddable":true,"href":"https:\/\/zjarr.tv\/en\/wp-json\/wp\/v2\/tags?post=430640"}],"curies":[{"name":"wp","href":"https:\/\/api.w.org\/{rel}","templated":true}]}}