{"id":430643,"date":"2026-09-03T12:42:01","date_gmt":"2026-09-03T10:42:01","guid":{"rendered":"https:\/\/zjarr.tv\/?p=430643"},"modified":"2026-09-03T12:43:47","modified_gmt":"2026-09-03T10:43:47","slug":"klodiana-spahiu-emerohet-ministre-e-shendetesise","status":"publish","type":"post","link":"https:\/\/zjarr.tv\/en\/klodiana-spahiu-emerohet-ministre-e-shendetesise\/","title":{"rendered":"Klodiana Spahiu em\u00ebrohet ministre e Sh\u00ebndet\u00ebsis\u00eb"},"content":{"rendered":"<p class=\"wp-block-paragraph\">Deputetja Klodiana Spahiu em\u00ebrohet ministre e sh\u00ebndet\u00ebsis\u00eb, duke z\u00ebvend\u00ebsuar Evis Sal\u00ebn e cila deklaroi dor\u00ebheqjen nj\u00eb dit\u00eb m\u00eb par\u00eb n\u00eb mbledhjen e qeveris\u00eb.<\/p>\n\n\n\n<p class=\"wp-block-paragraph\">Spahiu merr rolin pas njoftimit t\u00eb djesh\u00ebm t\u00eb dor\u00ebheqjes s\u00eb Evis Sal\u00ebs nga Ministria e Sh\u00ebndet\u00ebsis\u00eb.<\/p>\n\n\n\n<p class=\"wp-block-paragraph\">Klodiana Spahiu ka lindur m\u00eb 22 maj 1973 n\u00eb Durr\u00ebs. Ajo ka p\u00ebrfunduar studimet p\u00ebr Mjek\u00ebsi t\u00eb P\u00ebrgjithshme n\u00eb Fakultetin e Mjek\u00ebsis\u00eb t\u00eb Universitetit t\u00eb Tiran\u00ebs n\u00eb vitin 1997. Nj\u00eb vit m\u00eb von\u00eb nisi specializimin n\u00eb Kardiologji pran\u00eb QSUT \u201cN\u00ebn\u00eb Tereza\u201d, t\u00eb cilin e p\u00ebrfundoi n\u00eb vitin 2002.<\/p>\n\n\n\n<p class=\"wp-block-paragraph\">Gjat\u00eb karrier\u00ebs s\u00eb saj mjek\u00ebsore, Spahiu \u00ebsht\u00eb specializuar n\u00eb disa fusha t\u00eb kardiologjis\u00eb, p\u00ebrfshir\u00eb ekokardiografin\u00eb, PU-EKG dhe Eko-Dopplerin e karotideve, pran\u00eb Universitetit Katolik \u201cSacro Cuore\u201d, Fakulteti i Mjek\u00ebsis\u00eb \u201cAgostino Gemelli\u201d, n\u00eb Rom\u00eb.<\/p>\n\n\n\n<p class=\"wp-block-paragraph\">N\u00eb vitet 2003-2004 ka ndjekur studimet pasuniversitare pran\u00eb Fakultetit t\u00eb Mjek\u00ebsis\u00eb n\u00eb Tiran\u00eb, nd\u00ebrsa n\u00eb vitin 2005 \u00ebsht\u00eb specializuar n\u00eb Kardiologjin\u00eb Invazive, p\u00ebrfshir\u00eb kateterizimin dhe koronarografin\u00eb e zemr\u00ebs, n\u00eb Spitalin \u201cSanta Chiara\u201d n\u00eb Pisa t\u00eb Italis\u00eb.<\/p>\n\n\n\n<p class=\"wp-block-paragraph\">N\u00eb vitet 2012-2014 ka p\u00ebrfunduar masterin profesional n\u00eb Menaxhim Sh\u00ebndet\u00ebsor.<\/p>\n\n\n\n<p class=\"wp-block-paragraph\">Karriera e Spahiut \u00ebsht\u00eb zhvilluar edhe n\u00eb sistemin publik sh\u00ebndet\u00ebsor. Ajo ka punuar si mjeke n\u00eb Klinik\u00ebn e Par\u00eb t\u00eb Kardiologjis\u00eb n\u00eb QSUT, nd\u00ebrsa gjat\u00eb viteve 2003-2009 ka ushtruar profesionin e kardiologes n\u00eb Spitalin e Durr\u00ebsit, ku m\u00eb pas \u00ebsht\u00eb em\u00ebruar edhe drejtore.<\/p>\n\n\n\n<p class=\"wp-block-paragraph\">Krahas profesionit t\u00eb mjekut, Spahiu ka pasur edhe nj\u00eb angazhim t\u00eb gjat\u00eb akademik. N\u00eb vitet 2002-2003 ka qen\u00eb pedagoge n\u00eb Departamentin e L\u00ebnd\u00ebve Paraklinike n\u00eb Universitetin e Tiran\u00ebs. N\u00eb vitin 2006 ka qen\u00eb pedagoge e jashtme e fiziologjis\u00eb n\u00eb Universitetin Privat \u201cUFO\u201d n\u00eb Tiran\u00eb.<\/p>\n\n\n\n<p class=\"wp-block-paragraph\">Prej vitit 2008 ka qen\u00eb docente n\u00eb praktikat e kardiologjis\u00eb pran\u00eb Universitetit \u201cZonja e K\u00ebshillit t\u00eb Mir\u00eb\u201d n\u00eb Tiran\u00eb. Ajo mban titullin \u201cDoktore e Shkencave Mjek\u00ebsore\u201d.<\/p>\n\n\n\n<p class=\"wp-block-paragraph\">P\u00ebrtej karrier\u00ebs n\u00eb mjek\u00ebsi dhe akademi, Klodiana Spahiu ka nj\u00eb p\u00ebrvoj\u00eb t\u00eb gjat\u00eb n\u00eb politik\u00eb. Ajo \u00ebsht\u00eb deputete e Kuvendit t\u00eb Shqip\u00ebris\u00eb q\u00eb prej vitit 2009 dhe gjat\u00eb viteve ka qen\u00eb pjes\u00eb e disa komisioneve e n\u00ebnkomisioneve parlamentare, si dhe e grupeve t\u00eb miq\u00ebsis\u00eb.<\/p>\n\n\n\n<p class=\"wp-block-paragraph\">Me nj\u00eb karrier\u00eb q\u00eb nd\u00ebrthur mjek\u00ebsin\u00eb, menaxhimin sh\u00ebndet\u00ebsor, akademin\u00eb dhe politik\u00ebn, Spahiu vjen n\u00eb krye t\u00eb Ministris\u00eb s\u00eb Sh\u00ebndet\u00ebsis\u00eb n\u00eb nj\u00eb moment t\u00eb ndryshimit t\u00eb drejtimit t\u00eb dikasterit.<ins><a href=\"https:\/\/ads.euronews.al\/www\/delivery\/cl.php?bannerid=143&amp;zoneid=75&amp;sig=6a800e33d99a6bb79e533a54228c95feb261f93a556f84359dbf3391ad227bc1&amp;dest=https%3A%2F%2Fwww.fibank.al%2Fen%2Findivide%2Fdepozita-dhe-investime%2Fdepozita%2Fdepozite-me-afat-%2522kursimet-e-viteve-te-arta-2026%2522%2F\" target=\"_blank\" rel=\"noreferrer noopener\"><\/a><\/ins><\/p>","protected":false},"excerpt":{"rendered":"<p>Deputetja Klodiana Spahiu em\u00ebrohet ministre e sh\u00ebndet\u00ebsis\u00eb, duke z\u00ebvend\u00ebsuar Evis Sal\u00ebn e cila deklaroi dor\u00ebheqjen nj\u00eb dit\u00eb m\u00eb par\u00eb n\u00eb mbledhjen e qeveris\u00eb. Spahiu merr rolin pas njoftimit t\u00eb djesh\u00ebm t\u00eb dor\u00ebheqjes s\u00eb Evis Sal\u00ebs nga Ministria e Sh\u00ebndet\u00ebsis\u00eb. Klodiana Spahiu ka lindur m\u00eb 22 maj 1973 n\u00eb Durr\u00ebs. Ajo ka p\u00ebrfunduar studimet p\u00ebr Mjek\u00ebsi [&hellip;]<\/p>\n","protected":false},"author":2013,"featured_media":430644,"comment_status":"closed","ping_status":"closed","sticky":false,"template":"","format":"standard","meta":{"footnotes":""},"categories":[241,364,5380,231,1454,235],"tags":[],"class_list":["post-430643","post","type-post","status-publish","format-standard","has-post-thumbnail","category-aktualitet","category-koment-opinion","category-kryesore","category-lajme","category-politike","category-vendi"],"_links":{"self":[{"href":"https:\/\/zjarr.tv\/en\/wp-json\/wp\/v2\/posts\/430643","targetHints":{"allow":["GET"]}}],"collection":[{"href":"https:\/\/zjarr.tv\/en\/wp-json\/wp\/v2\/posts"}],"about":[{"href":"https:\/\/zjarr.tv\/en\/wp-json\/wp\/v2\/types\/post"}],"author":[{"embeddable":true,"href":"https:\/\/zjarr.tv\/en\/wp-json\/wp\/v2\/users\/2013"}],"replies":[{"embeddable":true,"href":"https:\/\/zjarr.tv\/en\/wp-json\/wp\/v2\/comments?post=430643"}],"version-history":[{"count":2,"href":"https:\/\/zjarr.tv\/en\/wp-json\/wp\/v2\/posts\/430643\/revisions"}],"predecessor-version":[{"id":430646,"href":"https:\/\/zjarr.tv\/en\/wp-json\/wp\/v2\/posts\/430643\/revisions\/430646"}],"wp:featuredmedia":[{"embeddable":true,"href":"https:\/\/zjarr.tv\/en\/wp-json\/wp\/v2\/media\/430644"}],"wp:attachment":[{"href":"https:\/\/zjarr.tv\/en\/wp-json\/wp\/v2\/media?parent=430643"}],"wp:term":[{"taxonomy":"category","embeddable":true,"href":"https:\/\/zjarr.tv\/en\/wp-json\/wp\/v2\/categories?post=430643"},{"taxonomy":"post_tag","embeddable":true,"href":"https:\/\/zjarr.tv\/en\/wp-json\/wp\/v2\/tags?post=430643"}],"curies":[{"name":"wp","href":"https:\/\/api.w.org\/{rel}","templated":true}]}}