{"id":430650,"date":"2026-09-03T13:51:31","date_gmt":"2026-09-03T11:51:31","guid":{"rendered":"https:\/\/zjarr.tv\/?p=430650"},"modified":"2026-09-03T14:23:14","modified_gmt":"2026-09-03T12:23:14","slug":"edicioni-i-7-i-festa-e-kenges-shqiptare-drini-drishti-rremben-kupen-e-cmimit-te-publikut","status":"publish","type":"post","link":"https:\/\/zjarr.tv\/en\/edicioni-i-7-i-festa-e-kenges-shqiptare-drini-drishti-rremben-kupen-e-cmimit-te-publikut\/","title":{"rendered":"Edicioni i 7 i &#8220;Festa e K\u00ebng\u00ebs Shqiptare&#8221;, Drini Drishti rr\u00ebmben kup\u00ebn e &#8220;\u00c7mimit t\u00eb Publikut&#8221;"},"content":{"rendered":"<p class=\"wp-block-paragraph\">Mbr\u00ebm\u00eb, n\u00eb Flumen Park, u zhvillua edicioni i 7-t\u00eb i \u201cFest\u00ebs s\u00eb K\u00ebng\u00ebs Shqiptare\u201d, organizuar nga mjeshtri Gjergj Leka.<\/p>\n\n\n\n<p class=\"wp-block-paragraph\">Mes artist\u00ebve pjes\u00ebmarr\u00ebs ishte edhe Drini Drishti, i cili u ngjit n\u00eb sken\u00eb me k\u00ebng\u00ebn \u201cShqipja dhe Muzika\u201d. Performanca e tij u vler\u00ebsua maksimalisht, duke i siguruar\u00a0<strong>\u00c7mimin e Publikut<\/strong>. Trofeu u p\u00ebrcaktua p\u00ebrmes votimit t\u00eb k\u00ebng\u00ebtar\u00ebve pjes\u00ebmarr\u00ebs, artist\u00ebve Big dhe publikut, duke e b\u00ebr\u00eb k\u00ebt\u00eb \u00e7mim edhe m\u00eb t\u00eb ve\u00e7ant\u00eb p\u00ebr Drinin.<\/p>\n\n\n\n<p class=\"wp-block-paragraph\">Ky ishte suksesi i radh\u00ebs p\u00ebr Drinin, i cili e mbylli k\u00ebt\u00eb mbr\u00ebmje me nj\u00eb tjet\u00ebr trofe dhe emocione t\u00eb paharrueshme.<\/p>\n\n\n\n<p class=\"wp-block-paragraph\">Drini ka marr\u00eb pjes\u00eb n\u00eb Festivalin e 63-t\u00eb t\u00eb F\u00ebmij\u00ebve n\u00eb RTSH me k\u00ebng\u00ebn &#8220;Dua&#8221;, me muzik\u00eb dhe tekst t\u00eb Ismet Drishtit dhe orkestrim t\u00eb Shp\u00ebtim Sara\u00e7it.<\/p>\n\n\n\n<p class=\"wp-block-paragraph\">Pjes\u00eb t\u00eb rrug\u00ebtimit t\u00eb tij artistik, Drini ka edhe motr\u00ebn e tij Ajrin. <\/p>\n\n\n\n<p class=\"wp-block-paragraph\">Ajri Drishti \u00ebsht\u00eb nj\u00eb talent n\u00eb bot\u00ebn e muzik\u00ebs. Ajo ishte k\u00ebt\u00eb vit fituese e \u00e7mimit t\u00eb kategoris\u00eb \u201cT\u00eb Vegjlit\u201d n\u00eb Festivalin Mbar\u00ebkomb\u00ebtar t\u00eb K\u00ebng\u00ebs p\u00ebr F\u00ebmij\u00eb me k\u00ebng\u00ebn \u201cNuk Kam Ku Luj\u201d. K\u00ebnga \u201cNuk Kam Ku Luj\u201d \u00ebsht\u00eb me muzik\u00eb dhe tekst t\u00eb Ismet Drishtit dhe orkestrim t\u00eb Ilir Zog\u00ebs.<\/p>\n\n\n\n<p class=\"wp-block-paragraph\">Lidhur me suksesin e dy f\u00ebmij\u00ebve, gazetari i njohur Ismet Drishti nuk i kursen batutat:\u00a0\u201cJam autor i k\u00ebng\u00ebs, i muzik\u00ebs dhe i k\u00ebng\u00ebtar\u00ebve&#8230;&#8221;<\/p>","protected":false},"excerpt":{"rendered":"<p>Mbr\u00ebm\u00eb, n\u00eb Flumen Park, u zhvillua edicioni i 7-t\u00eb i \u201cFest\u00ebs s\u00eb K\u00ebng\u00ebs Shqiptare\u201d, organizuar nga mjeshtri Gjergj Leka. Mes artist\u00ebve pjes\u00ebmarr\u00ebs ishte edhe Drini Drishti, i cili u ngjit n\u00eb sken\u00eb me k\u00ebng\u00ebn \u201cShqipja dhe Muzika\u201d. Performanca e tij u vler\u00ebsua maksimalisht, duke i siguruar\u00a0\u00c7mimin e Publikut. Trofeu u p\u00ebrcaktua p\u00ebrmes votimit t\u00eb k\u00ebng\u00ebtar\u00ebve [&hellip;]<\/p>\n","protected":false},"author":2013,"featured_media":430651,"comment_status":"closed","ping_status":"closed","sticky":false,"template":"","format":"standard","meta":{"footnotes":""},"categories":[241,5380,337,231,235],"tags":[],"class_list":["post-430650","post","type-post","status-publish","format-standard","has-post-thumbnail","category-aktualitet","category-kryesore","category-kulture","category-lajme","category-vendi"],"_links":{"self":[{"href":"https:\/\/zjarr.tv\/en\/wp-json\/wp\/v2\/posts\/430650","targetHints":{"allow":["GET"]}}],"collection":[{"href":"https:\/\/zjarr.tv\/en\/wp-json\/wp\/v2\/posts"}],"about":[{"href":"https:\/\/zjarr.tv\/en\/wp-json\/wp\/v2\/types\/post"}],"author":[{"embeddable":true,"href":"https:\/\/zjarr.tv\/en\/wp-json\/wp\/v2\/users\/2013"}],"replies":[{"embeddable":true,"href":"https:\/\/zjarr.tv\/en\/wp-json\/wp\/v2\/comments?post=430650"}],"version-history":[{"count":2,"href":"https:\/\/zjarr.tv\/en\/wp-json\/wp\/v2\/posts\/430650\/revisions"}],"predecessor-version":[{"id":430653,"href":"https:\/\/zjarr.tv\/en\/wp-json\/wp\/v2\/posts\/430650\/revisions\/430653"}],"wp:featuredmedia":[{"embeddable":true,"href":"https:\/\/zjarr.tv\/en\/wp-json\/wp\/v2\/media\/430651"}],"wp:attachment":[{"href":"https:\/\/zjarr.tv\/en\/wp-json\/wp\/v2\/media?parent=430650"}],"wp:term":[{"taxonomy":"category","embeddable":true,"href":"https:\/\/zjarr.tv\/en\/wp-json\/wp\/v2\/categories?post=430650"},{"taxonomy":"post_tag","embeddable":true,"href":"https:\/\/zjarr.tv\/en\/wp-json\/wp\/v2\/tags?post=430650"}],"curies":[{"name":"wp","href":"https:\/\/api.w.org\/{rel}","templated":true}]}}