{"id":430680,"date":"2026-09-05T10:12:31","date_gmt":"2026-09-05T08:12:31","guid":{"rendered":"https:\/\/zjarr.tv\/?p=430680"},"modified":"2026-09-05T10:12:35","modified_gmt":"2026-09-05T08:12:35","slug":"sot-10-vite-nga-shenjterimi-i-nene-terezes-humanistja-shqiptare-qe-ia-kushtoi-jeten-te-varferve","status":"publish","type":"post","link":"https:\/\/zjarr.tv\/en\/sot-10-vite-nga-shenjterimi-i-nene-terezes-humanistja-shqiptare-qe-ia-kushtoi-jeten-te-varferve\/","title":{"rendered":"Sot 10 vite nga shenjt\u00ebrimi i N\u00ebn\u00eb Terez\u00ebs, humanistja shqiptare q\u00eb ia kushtoi jet\u00ebn t\u00eb varf\u00ebrve"},"content":{"rendered":"<p class=\"wp-block-paragraph\">Mbar\u00eb bota p\u00ebrkujton sot 10 vjetorin e shenjt\u00ebrimit t\u00eb humanistes s\u00eb shquar\u00a0N\u00ebn\u00eb Tereza. \u201cMe gjak, un\u00eb jam shqiptare. Me shtet\u00ebsi, jam indiane. Me besim, un\u00eb jam nj\u00eb murgesh\u00eb Katolike. Sipas profesionit tim, un\u00eb i p\u00ebrkas bot\u00ebs. P\u00ebr nga zemra ime, un\u00eb i p\u00ebrkas plot\u00ebsisht Zemr\u00ebs s\u00eb Jezusit\u201d. K\u00ebto jan\u00eb fjal\u00ebt e th\u00ebna nga N\u00ebn\u00eb Tereza, gruaja e jasht\u00ebzakonshme dhe shenjtorja e t\u00eb varf\u00ebrve t\u00eb t\u00eb gjith\u00eb bot\u00ebs e cila kurr\u00eb nuk e harroi origjin\u00ebn e saj.<\/p>\n\n\n\n<p class=\"wp-block-paragraph\">10 vite m\u00eb par\u00eb, m\u00eb 5 shtator 2016, n\u00ebna e madhe e t\u00eb varf\u00ebrve, fituese e \u00e7mimit Nobel p\u00ebr Paqen, u shpall shenjtore. Papa Fran\u00e7esku, njohu dy mrekullit\u00eb e saj, t\u00eb sh\u00ebrimit t\u00eb t\u00eb s\u00ebmur\u00ebve pas vdekjes s\u00eb saj m\u00eb 1997. Murgesha &#8216;u lumturua&#8217; n\u00eb tetor t\u00eb vitit 2003, nga Papa Gjon Pali II. Ai miratoi mrekullin\u00eb e par\u00eb pas vdekjes s\u00eb saj. Nj\u00eb grua 30-vje\u00e7are n\u00eb Kalkuta tha se ajo u sh\u00ebrua nga nj\u00eb tumor n\u00eb stomak pas lutjeve t\u00eb N\u00ebn\u00eb Terez\u00ebs. Nj\u00eb komitet i Vatikanit tha se nuk mund t\u00eb gjente asnj\u00eb shpjegim shkencor p\u00ebr sh\u00ebrimin e saj dhe e shpalli at\u00eb nj\u00eb mrekulli.<\/p>\n\n\n\n<p class=\"wp-block-paragraph\">N\u00eb k\u00ebt\u00eb dit\u00eb t\u00eb sh\u00ebnuar, N\u00ebn\u00eb Tereza p\u00ebrkujtohet nga krer\u00ebt m\u00eb t\u00eb lart\u00eb t\u00eb shtetit dhe politik\u00ebs.<\/p>\n\n\n\n<p class=\"wp-block-paragraph\"><strong>Kush ishte N\u00ebn\u00eb Tereza?&nbsp;<\/strong><\/p>\n\n\n\n<p class=\"wp-block-paragraph\">Anjez\u00eb Gonxhe Bojaxhiu, q\u00eb m\u00eb von\u00eb e ndryshoi emrin n\u00eb N\u00ebn\u00eb Tereza, lindi me 1910 nga prind\u00ebr shqiptar\u00eb dhe humbi jet\u00ebn n\u00eb Kalkut\u00eb m\u00eb 5 shtator 1997. Sot b\u00ebhen 27&nbsp;vite q\u00eb N\u00ebn\u00eb Tereza \u00ebsht\u00eb ndar\u00eb nga jeta. Ajo i mori m\u00ebsimet e para n\u00eb nj\u00eb shkoll\u00eb n\u00eb qytetin e Shkupit dhe n\u00eb mosh\u00ebn 18 vje\u00e7are u dor\u00ebzua murgesh\u00eb. Pasi u specializua n\u00eb Irland\u00eb u vendos n\u00eb Indi, ku n\u00eb vitin 1950 themeloi urdhrin e saj t\u00eb murgeshave t\u00eb quajtur Misionar\u00ebt e Bamir\u00ebsis\u00eb.<\/p>\n\n\n\n<p class=\"wp-block-paragraph\">Nga ky moment Nen\u00eb Tereza do t\u00eb b\u00ebhej n\u00ebn\u00eb e t\u00eb gjith\u00ebve dhe jet\u00ebn e saj do t\u2019ia dedikonte t\u00ebr\u00ebsisht t\u00eb varf\u00ebrve. Ajo vazhdoi me vetmohim t\u00eb predikonte mesazhin e saj t\u00eb dinjitetit njer\u00ebzor dhe respektit p\u00ebr \u00e7do qenie njer\u00ebzore t\u00eb lindur apo jo.<\/p>\n\n\n\n<p class=\"wp-block-paragraph\">Kur mori \u00e7mimin Nobel p\u00ebr Paqe n\u00eb vitin 1979 ajo b\u00ebri k\u00ebt\u00eb apel:<em>&nbsp;\u201cShkat\u00ebrrimtari m\u00eb i madh i paqes s\u00eb sotme \u00ebsht\u00eb thirrja e nj\u00eb f\u00ebmije t\u00eb pafajsh\u00ebm ende t\u00eb palindur. N\u00ebse nj\u00eb n\u00ebn\u00eb vret f\u00ebmij\u00ebn q\u00eb mban n\u00eb barkun e saj, at\u00ebher\u00eb \u00e7far\u00eb mbetet p\u00ebr ty dhe mua?<\/em><\/p>\n\n\n\n<p class=\"wp-block-paragraph\">N\u00ebn\u00eb Tereza nd\u00ebrroi jet\u00eb m\u00eb 5 shtator 1997 n\u00eb Kalkuta t\u00eb Indis\u00eb, ku ushtroi pjes\u00ebn m\u00eb t\u00eb madhe t\u00eb aktivitetit t\u00eb saj bamir\u00ebs, por figura e saj vazhdon t\u00eb jet\u00eb burim frym\u00ebzimi p\u00ebr bamir\u00ebsi, besim dhe sh\u00ebrbim t\u00eb p\u00ebrulur, ve\u00e7an\u00ebrisht n\u00eb nj\u00eb bot\u00eb gjithnj\u00eb e m\u00eb t\u00eb p\u00ebr\u00e7ar\u00eb nga varf\u00ebria dhe padrejt\u00ebsit\u00eb sociale. Gjat\u00eb jet\u00ebs s\u00eb saj, N\u00ebn\u00eb Tereza ka marr\u00eb m\u00eb shum\u00eb se 700 \u00e7mime p\u00ebr pun\u00ebn e saj bamir\u00ebse.<\/p>","protected":false},"excerpt":{"rendered":"<p>Mbar\u00eb bota p\u00ebrkujton sot 10 vjetorin e shenjt\u00ebrimit t\u00eb humanistes s\u00eb shquar\u00a0N\u00ebn\u00eb Tereza. \u201cMe gjak, un\u00eb jam shqiptare. Me shtet\u00ebsi, jam indiane. Me besim, un\u00eb jam nj\u00eb murgesh\u00eb Katolike. Sipas profesionit tim, un\u00eb i p\u00ebrkas bot\u00ebs. P\u00ebr nga zemra ime, un\u00eb i p\u00ebrkas plot\u00ebsisht Zemr\u00ebs s\u00eb Jezusit\u201d. K\u00ebto jan\u00eb fjal\u00ebt e th\u00ebna nga N\u00ebn\u00eb Tereza, [&hellip;]<\/p>\n","protected":false},"author":2013,"featured_media":430681,"comment_status":"closed","ping_status":"closed","sticky":false,"template":"","format":"standard","meta":{"footnotes":""},"categories":[241,364,5380,231,235],"tags":[],"class_list":["post-430680","post","type-post","status-publish","format-standard","has-post-thumbnail","category-aktualitet","category-koment-opinion","category-kryesore","category-lajme","category-vendi"],"_links":{"self":[{"href":"https:\/\/zjarr.tv\/en\/wp-json\/wp\/v2\/posts\/430680","targetHints":{"allow":["GET"]}}],"collection":[{"href":"https:\/\/zjarr.tv\/en\/wp-json\/wp\/v2\/posts"}],"about":[{"href":"https:\/\/zjarr.tv\/en\/wp-json\/wp\/v2\/types\/post"}],"author":[{"embeddable":true,"href":"https:\/\/zjarr.tv\/en\/wp-json\/wp\/v2\/users\/2013"}],"replies":[{"embeddable":true,"href":"https:\/\/zjarr.tv\/en\/wp-json\/wp\/v2\/comments?post=430680"}],"version-history":[{"count":1,"href":"https:\/\/zjarr.tv\/en\/wp-json\/wp\/v2\/posts\/430680\/revisions"}],"predecessor-version":[{"id":430682,"href":"https:\/\/zjarr.tv\/en\/wp-json\/wp\/v2\/posts\/430680\/revisions\/430682"}],"wp:featuredmedia":[{"embeddable":true,"href":"https:\/\/zjarr.tv\/en\/wp-json\/wp\/v2\/media\/430681"}],"wp:attachment":[{"href":"https:\/\/zjarr.tv\/en\/wp-json\/wp\/v2\/media?parent=430680"}],"wp:term":[{"taxonomy":"category","embeddable":true,"href":"https:\/\/zjarr.tv\/en\/wp-json\/wp\/v2\/categories?post=430680"},{"taxonomy":"post_tag","embeddable":true,"href":"https:\/\/zjarr.tv\/en\/wp-json\/wp\/v2\/tags?post=430680"}],"curies":[{"name":"wp","href":"https:\/\/api.w.org\/{rel}","templated":true}]}}