{"id":430689,"date":"2026-09-05T13:20:32","date_gmt":"2026-09-05T11:20:32","guid":{"rendered":"https:\/\/zjarr.tv\/?p=430689"},"modified":"2026-09-05T13:20:35","modified_gmt":"2026-09-05T11:20:35","slug":"%e2%81%a3the-naked-truth-sali-berisha-niset-drejt-uashingtonit-per-konventen-republikane","status":"publish","type":"post","link":"https:\/\/zjarr.tv\/en\/%e2%81%a3the-naked-truth-sali-berisha-niset-drejt-uashingtonit-per-konventen-republikane\/","title":{"rendered":"\u2063The Naked Truth-Sali Berisha niset drejt Uashingtonit p\u00ebr Konvent\u00ebn Republikane"},"content":{"rendered":"<p class=\"wp-block-paragraph\">Kreu i opozit\u00ebs shqiptare, Sali Berisha, \u00ebsht\u00eb nisur drejt Shteteve t\u00eb Bashkuara p\u00ebr t\u00eb marr\u00eb pjes\u00eb n\u00eb Konvent\u00ebn e Partis\u00eb Republikane.<\/p>\n\n\n\n<p class=\"wp-block-paragraph\">Nga Aeroporti Nd\u00ebrkomb\u00ebtar i Tiran\u00ebs, Berisha e cil\u00ebsoi vizit\u00ebn si nj\u00eb udh\u00ebtim historik p\u00ebr Shqip\u00ebrin\u00eb, duke e krahasuar me vizit\u00ebn e tij t\u00eb par\u00eb n\u00eb SHBA n\u00eb mars t\u00eb vitit 1991.<\/p>\n\n\n\n<p class=\"wp-block-paragraph\">Berisha tha se gjat\u00eb q\u00ebndrimit n\u00eb Amerik\u00eb do t\u00eb k\u00ebrkoj\u00eb mb\u00ebshtetje p\u00ebr at\u00eb q\u00eb ai e p\u00ebrshkroi si nj\u00eb p\u00ebrpjekje p\u00ebr ta \u00e7liruar Shqip\u00ebrin\u00eb nga nj\u00eb sistem i dominuar nga krimi dhe droga. Ai theksoi gjithashtu se udh\u00ebtimi nuk lidhet me nj\u00eb axhend\u00eb personale, por me at\u00eb q\u00eb e cil\u00ebsoi si interesin e vendit.<\/p>\n\n\n\n<p class=\"wp-block-paragraph\"><a href=\"https:\/\/thenakedtruth.tv\/v\/KDAaOt\">https:\/\/thenakedtruth.tv\/v\/KDAaOt<\/a><\/p>","protected":false},"excerpt":{"rendered":"<p>Kreu i opozit\u00ebs shqiptare, Sali Berisha, \u00ebsht\u00eb nisur drejt Shteteve t\u00eb Bashkuara p\u00ebr t\u00eb marr\u00eb pjes\u00eb n\u00eb Konvent\u00ebn e Partis\u00eb Republikane. Nga Aeroporti Nd\u00ebrkomb\u00ebtar i Tiran\u00ebs, Berisha e cil\u00ebsoi vizit\u00ebn si nj\u00eb udh\u00ebtim historik p\u00ebr Shqip\u00ebrin\u00eb, duke e krahasuar me vizit\u00ebn e tij t\u00eb par\u00eb n\u00eb SHBA n\u00eb mars t\u00eb vitit 1991. Berisha tha se [&hellip;]<\/p>\n","protected":false},"author":2013,"featured_media":430695,"comment_status":"closed","ping_status":"closed","sticky":false,"template":"","format":"standard","meta":{"footnotes":""},"categories":[241,231,1454,235],"tags":[],"class_list":["post-430689","post","type-post","status-publish","format-standard","has-post-thumbnail","category-aktualitet","category-lajme","category-politike","category-vendi"],"_links":{"self":[{"href":"https:\/\/zjarr.tv\/en\/wp-json\/wp\/v2\/posts\/430689","targetHints":{"allow":["GET"]}}],"collection":[{"href":"https:\/\/zjarr.tv\/en\/wp-json\/wp\/v2\/posts"}],"about":[{"href":"https:\/\/zjarr.tv\/en\/wp-json\/wp\/v2\/types\/post"}],"author":[{"embeddable":true,"href":"https:\/\/zjarr.tv\/en\/wp-json\/wp\/v2\/users\/2013"}],"replies":[{"embeddable":true,"href":"https:\/\/zjarr.tv\/en\/wp-json\/wp\/v2\/comments?post=430689"}],"version-history":[{"count":2,"href":"https:\/\/zjarr.tv\/en\/wp-json\/wp\/v2\/posts\/430689\/revisions"}],"predecessor-version":[{"id":430696,"href":"https:\/\/zjarr.tv\/en\/wp-json\/wp\/v2\/posts\/430689\/revisions\/430696"}],"wp:featuredmedia":[{"embeddable":true,"href":"https:\/\/zjarr.tv\/en\/wp-json\/wp\/v2\/media\/430695"}],"wp:attachment":[{"href":"https:\/\/zjarr.tv\/en\/wp-json\/wp\/v2\/media?parent=430689"}],"wp:term":[{"taxonomy":"category","embeddable":true,"href":"https:\/\/zjarr.tv\/en\/wp-json\/wp\/v2\/categories?post=430689"},{"taxonomy":"post_tag","embeddable":true,"href":"https:\/\/zjarr.tv\/en\/wp-json\/wp\/v2\/tags?post=430689"}],"curies":[{"name":"wp","href":"https:\/\/api.w.org\/{rel}","templated":true}]}}