{"id":430691,"date":"2026-09-05T12:22:51","date_gmt":"2026-09-05T10:22:51","guid":{"rendered":"https:\/\/zjarr.tv\/?p=430691"},"modified":"2026-09-05T12:22:52","modified_gmt":"2026-09-05T10:22:52","slug":"shqiperia-ne-lufte-me-flaket-39-vatra-zjarri-6-shtepi-te-djegura-ne-himare","status":"publish","type":"post","link":"https:\/\/zjarr.tv\/en\/shqiperia-ne-lufte-me-flaket-39-vatra-zjarri-6-shtepi-te-djegura-ne-himare\/","title":{"rendered":"Shqip\u00ebria n\u00eb luft\u00eb me flak\u00ebt, 39 vatra zjarri, 6 sht\u00ebpi t\u00eb djegura n\u00eb Himar\u00eb"},"content":{"rendered":"<p class=\"wp-block-paragraph\">Gjat\u00eb 24 or\u00ebve t\u00eb fundit n\u00eb vendin ton\u00eb jan\u00eb raportuar gjithsej 39 vatra zjarri, nga t\u00eb cilat 11 jan\u00eb ende aktive.<\/p>\n\n\n\n<p class=\"wp-block-paragraph\">Sipas Ministris\u00eb s\u00eb Mbrojtjes, 25 vatra jan\u00eb shuar plot\u00ebsisht dhe 3 t\u00eb tjera jan\u00eb n\u00ebn mbik\u00ebqyrje, nd\u00ebrsa n\u00eb operacionet p\u00ebr p\u00ebrballimin e situat\u00ebs jan\u00eb angazhuar 881 forca operacionale dhe 75 automjete zjarrfik\u00ebse, s\u00eb bashku me 340 efektiv\u00eb t\u00eb Forcave t\u00eb Armatosura, 4 mjete zjarrfik\u00ebse t\u00eb FA, helikopter\u00ebt e Forc\u00ebs Ajrore dhe nj\u00eb avion Air Tractor.<\/p>\n\n\n\n<p class=\"wp-block-paragraph\">Vatrat kryesore aktive jan\u00eb regjistruar n\u00eb qarqet Tiran\u00eb, Dib\u00ebr, Lezh\u00eb, Shkod\u00ebr, Durr\u00ebs, Fier dhe Vlor\u00eb, nd\u00ebrsa n\u00eb disa prej zonave rreziku p\u00ebr banesat \u00ebsht\u00eb shmangur.<\/p>\n\n\n\n<p class=\"wp-block-paragraph\">Situata m\u00eb e r\u00ebnduar \u00ebsht\u00eb regjistruar n\u00eb Fier dhe Himar\u00eb, ku n\u00eb lagjen \u201c1 Maji\u201d jan\u00eb evakuuar 36 persona dhe jan\u00eb djegur 6 banesa, 3 prej tyre t\u00eb banuara, nd\u00ebrsa zjarri ka ulur intensitetin dhe vijon puna p\u00ebr shuarjen e plot\u00eb t\u00eb tij.<\/p>\n\n\n\n<p class=\"wp-block-paragraph\">Ministria e Mbrojtjes thekson se parashikohet angazhimi i 380 forcave ushtarake, 2 helikopter\u00ebve dhe nj\u00eb avioni Air Tractor p\u00ebr shuarjen e vatrave aktive.<\/p>\n\n\n\n<p class=\"wp-block-paragraph\">Agjencia Komb\u00ebtare e Mbrojtjes Civile vijon monitorimin dhe koordinimin e operacioneve n\u00eb t\u00eb gjith\u00eb territorin, me prioritet mbrojtjen e jet\u00ebs, banesave dhe pasuris\u00eb s\u00eb qytetar\u00ebve.<\/p>\n\n\n\n<p class=\"wp-block-paragraph\">Njoftimi i plot\u00eb:<\/p>\n\n\n\n<p class=\"wp-block-paragraph\">Ministria e Mbrojtjes informon se gjat\u00eb 24 or\u00ebve t\u00eb fundit, n\u00eb vend jan\u00eb raportuar 39 vatra zjarri, prej t\u00eb cilave 11 mbeten aktive, 3 jan\u00eb n\u00ebn mbik\u00ebqyrje dhe 25 jan\u00eb shuar plot\u00ebsisht.<\/p>\n\n\n\n<p class=\"wp-block-paragraph\">N\u00eb operacionet p\u00ebr menaxhimin e situat\u00ebs jan\u00eb angazhuar 881 forca operacionale dhe 75 automjete zjarrfik\u00ebse, si dhe 340 forca ushtarake, 4 automjete zjarrfik\u00ebse t\u00eb FA, helikopter\u00ebt e Forc\u00ebs Ajrore me 6 operacione dhe 1 avion Air Tractor. P\u00ebr dit\u00ebn e sotme parashikohet angazhimi i 380 forcave ushtarake, 2 helikopter\u00ebve dhe 1 Air Tractor.<\/p>\n\n\n\n<p class=\"wp-block-paragraph\">Vatrat kryesore aktive jan\u00eb n\u00eb Tiran\u00eb, Dib\u00ebr, Lezh\u00eb, Shkod\u00ebr, Durr\u00ebs, Fier dhe Vlor\u00eb.<\/p>\n\n\n\n<p class=\"wp-block-paragraph\">N\u00eb Dajt vijon puna pa rrezik p\u00ebr zonat e banuara, nd\u00ebrsa n\u00eb Qinam t\u00eb Zall-Herrit \u00ebsht\u00eb shmangur rreziku p\u00ebr banesat.<\/p>\n\n\n\n<p class=\"wp-block-paragraph\">N\u00eb Dib\u00ebr vijojn\u00eb aktive vatrat n\u00eb Vajkal, Lundre\u2013Madhesh dhe Mallunx\u00eb\u2013Lis, pa rrezik p\u00ebr zonat e banuara.<\/p>\n\n\n\n<p class=\"wp-block-paragraph\">N\u00eb Lezh\u00eb, aktive mbeten Gallata dhe Kaliva\u00e7\u2013Zimaj\u2013Kashnjet, ku rreziku p\u00ebr zonat e banuara \u00ebsht\u00eb shmangur.<\/p>\n\n\n\n<p class=\"wp-block-paragraph\">Situata m\u00eb e r\u00ebnd\u00ebsishme gjat\u00eb 24 or\u00ebve \u00ebsht\u00eb regjistruar n\u00eb Fier dhe Himar\u00eb.<\/p>\n\n\n\n<p class=\"wp-block-paragraph\">N\u00eb zon\u00ebn Driz\u00eb\u2013Vadhiz\u00eb\u2013Peshtan\u2013Levan, pas angazhimit t\u00eb forcave tok\u00ebsore dhe ajrore, rreziku p\u00ebr banesat \u00ebsht\u00eb shmangur dhe operacioni vijon.<\/p>\n\n\n\n<p class=\"wp-block-paragraph\">N\u00eb lagjen \u201c1 Maji\u201d, Himar\u00eb, u angazhuan rreth 300 forca operacionale dhe 171 efektiv\u00eb t\u00eb FA; u evakuuan 36 persona dhe u dogj\u00ebn 6 banesa, prej t\u00eb cilave 3 t\u00eb banuara. Zjarri ka ulur intensitetin, rreziku p\u00ebr banesat \u00ebsht\u00eb shmangur dhe puna p\u00ebr shuarjen vijon.<\/p>\n\n\n\n<p class=\"wp-block-paragraph\">Agjencia Komb\u00ebtare e Mbrojtjes Civile (AKMC) vijon t\u00eb ndjek\u00eb n\u00eb m\u00ebnyr\u00eb t\u00eb pand\u00ebrprer\u00eb situat\u00ebn n\u00eb t\u00eb gjith\u00eb territorin e vendit, n\u00eb koordinim t\u00eb ngusht\u00eb me prefekturat, bashkit\u00eb dhe t\u00eb gjitha strukturat e sistemit t\u00eb Mbrojtjes Civile.<\/p>\n\n\n\n<p class=\"wp-block-paragraph\">Kapacitetet operacionale mbeten t\u00eb angazhuara n\u00eb terren dhe n\u00eb gatishm\u00ebri p\u00ebr t\u00eb nd\u00ebrhyr\u00eb aty ku situata e k\u00ebrkon, me prioritet mbrojtjen e jet\u00ebs, banesave dhe pasuris\u00eb s\u00eb qytetar\u00ebve.<\/p>","protected":false},"excerpt":{"rendered":"<p>Gjat\u00eb 24 or\u00ebve t\u00eb fundit n\u00eb vendin ton\u00eb jan\u00eb raportuar gjithsej 39 vatra zjarri, nga t\u00eb cilat 11 jan\u00eb ende aktive. Sipas Ministris\u00eb s\u00eb Mbrojtjes, 25 vatra jan\u00eb shuar plot\u00ebsisht dhe 3 t\u00eb tjera jan\u00eb n\u00ebn mbik\u00ebqyrje, nd\u00ebrsa n\u00eb operacionet p\u00ebr p\u00ebrballimin e situat\u00ebs jan\u00eb angazhuar 881 forca operacionale dhe 75 automjete zjarrfik\u00ebse, s\u00eb bashku [&hellip;]<\/p>\n","protected":false},"author":2013,"featured_media":430692,"comment_status":"closed","ping_status":"closed","sticky":false,"template":"","format":"standard","meta":{"footnotes":""},"categories":[241,5380,231,235],"tags":[],"class_list":["post-430691","post","type-post","status-publish","format-standard","has-post-thumbnail","category-aktualitet","category-kryesore","category-lajme","category-vendi"],"_links":{"self":[{"href":"https:\/\/zjarr.tv\/en\/wp-json\/wp\/v2\/posts\/430691","targetHints":{"allow":["GET"]}}],"collection":[{"href":"https:\/\/zjarr.tv\/en\/wp-json\/wp\/v2\/posts"}],"about":[{"href":"https:\/\/zjarr.tv\/en\/wp-json\/wp\/v2\/types\/post"}],"author":[{"embeddable":true,"href":"https:\/\/zjarr.tv\/en\/wp-json\/wp\/v2\/users\/2013"}],"replies":[{"embeddable":true,"href":"https:\/\/zjarr.tv\/en\/wp-json\/wp\/v2\/comments?post=430691"}],"version-history":[{"count":1,"href":"https:\/\/zjarr.tv\/en\/wp-json\/wp\/v2\/posts\/430691\/revisions"}],"predecessor-version":[{"id":430693,"href":"https:\/\/zjarr.tv\/en\/wp-json\/wp\/v2\/posts\/430691\/revisions\/430693"}],"wp:featuredmedia":[{"embeddable":true,"href":"https:\/\/zjarr.tv\/en\/wp-json\/wp\/v2\/media\/430692"}],"wp:attachment":[{"href":"https:\/\/zjarr.tv\/en\/wp-json\/wp\/v2\/media?parent=430691"}],"wp:term":[{"taxonomy":"category","embeddable":true,"href":"https:\/\/zjarr.tv\/en\/wp-json\/wp\/v2\/categories?post=430691"},{"taxonomy":"post_tag","embeddable":true,"href":"https:\/\/zjarr.tv\/en\/wp-json\/wp\/v2\/tags?post=430691"}],"curies":[{"name":"wp","href":"https:\/\/api.w.org\/{rel}","templated":true}]}}