{"id":44072,"date":"2018-04-15T12:55:55","date_gmt":"2018-04-15T10:55:55","guid":{"rendered":"http:\/\/zjarr.tv\/?p=44072"},"modified":"2018-04-15T12:55:55","modified_gmt":"2018-04-15T10:55:55","slug":"pogradec-adoleshentja-e-perdhunuar-lind-foshnjen-zbulohet-me-e-renda-e-la-shtatzane-babai","status":"publish","type":"post","link":"https:\/\/zjarr.tv\/en\/pogradec-adoleshentja-e-perdhunuar-lind-foshnjen-zbulohet-me-e-renda-e-la-shtatzane-babai\/","title":{"rendered":"Pogradec, adoleshentja e p\u00ebrdhunuar lind foshnjen, zbulohet m\u00eb e r\u00ebnda: E la shtatzan\u00eb babai"},"content":{"rendered":"<p>Pas disa muajsh, analiza e ADN-s zbulon at\u00ebsin\u00eb e foshnj\u00ebs s\u00eb nj\u00eb viktime t\u00eb p\u00ebrdhunimit n\u00eb Pogradec. E mitura kishte denoncuar edhe fqinjin e saj.<\/p>\n<p>55-vje\u00e7ari nga Vel\u00e7ani i Pogradecit, Ligor Biba, \u00ebsht\u00eb i ati i f\u00ebmij\u00ebs s\u00eb 15-vje\u00e7ares, e cila e akuzoi se e p\u00ebrdhunoi dhe e la shtatz\u00ebn\u00eb.<\/p>\n<p>Edhe pse Biba ka mbajtur q\u00ebndrim mohues ndaj p\u00ebrdhunimit t\u00eb t\u00eb mitur\u00ebs, si gjat\u00eb hetimit ashtu edhe n\u00eb gjykim, analiza e ADN-s q\u00eb ju b\u00eb foshnj\u00ebs s\u00eb sapolindur, konfirmoi at\u00ebsin\u00eb e tij.<\/p>\n<p>Ka qen\u00eb 55-vje\u00e7ari q\u00eb i ka k\u00ebrkuar gjykat\u00ebs, kryerjen e analiz\u00ebs s\u00eb ADN-s, p\u00ebrgjigjet e s\u00eb cil\u00ebs kan\u00eb r\u00ebnduar pozit\u00ebn e tij proceduriale.<\/p>\n<p>Ligor Biba u denoncua nga e mitura n\u00eb Tetor t\u00eb vitit t\u00eb kaluar, pasi infermierja e fshatit zbuloi se vajza ishte n\u00eb muajin e 8 t\u00eb shtat\u00ebz\u00ebnis\u00eb.<br \/>\nProcesi gjyq\u00ebsor ndaj Bib\u00ebs po zhvillohet n\u00eb Gjykat\u00ebn e Kor\u00e7\u00ebs, pasi Gjykata e Pogradecit nuk ka seksion p\u00ebr t\u00eb miturit.<\/p>\n<p><iframe loading=\"lazy\" src=\"https:\/\/www.youtube.com\/embed\/VLBte46_VgM\" width=\"560\" height=\"315\" frameborder=\"0\" allowfullscreen=\"allowfullscreen\" data-mce-fragment=\"1\"><\/iframe><\/p>","protected":false},"excerpt":{"rendered":"<p>Pas disa muajsh, analiza e ADN-s zbulon at\u00ebsin\u00eb e foshnj\u00ebs s\u00eb nj\u00eb viktime t\u00eb p\u00ebrdhunimit n\u00eb Pogradec. E mitura kishte denoncuar edhe fqinjin e saj. 55-vje\u00e7ari nga Vel\u00e7ani i Pogradecit, Ligor Biba, \u00ebsht\u00eb i ati i f\u00ebmij\u00ebs s\u00eb 15-vje\u00e7ares, e cila e akuzoi se e p\u00ebrdhunoi dhe e la shtatz\u00ebn\u00eb. Edhe pse Biba ka mbajtur [&hellip;]<\/p>\n","protected":false},"author":2044,"featured_media":0,"comment_status":"closed","ping_status":"closed","sticky":false,"template":"","format":"standard","meta":{"footnotes":""},"categories":[198,241,231,235],"tags":[],"class_list":{"0":"post-44072","1":"post","2":"type-post","3":"status-publish","4":"format-standard","6":"category-360-grade","7":"category-aktualitet","8":"category-lajme","9":"category-vendi"},"_links":{"self":[{"href":"https:\/\/zjarr.tv\/en\/wp-json\/wp\/v2\/posts\/44072","targetHints":{"allow":["GET"]}}],"collection":[{"href":"https:\/\/zjarr.tv\/en\/wp-json\/wp\/v2\/posts"}],"about":[{"href":"https:\/\/zjarr.tv\/en\/wp-json\/wp\/v2\/types\/post"}],"author":[{"embeddable":true,"href":"https:\/\/zjarr.tv\/en\/wp-json\/wp\/v2\/users\/2044"}],"replies":[{"embeddable":true,"href":"https:\/\/zjarr.tv\/en\/wp-json\/wp\/v2\/comments?post=44072"}],"version-history":[{"count":0,"href":"https:\/\/zjarr.tv\/en\/wp-json\/wp\/v2\/posts\/44072\/revisions"}],"wp:attachment":[{"href":"https:\/\/zjarr.tv\/en\/wp-json\/wp\/v2\/media?parent=44072"}],"wp:term":[{"taxonomy":"category","embeddable":true,"href":"https:\/\/zjarr.tv\/en\/wp-json\/wp\/v2\/categories?post=44072"},{"taxonomy":"post_tag","embeddable":true,"href":"https:\/\/zjarr.tv\/en\/wp-json\/wp\/v2\/tags?post=44072"}],"curies":[{"name":"wp","href":"https:\/\/api.w.org\/{rel}","templated":true}]}}