{"id":44076,"date":"2018-04-15T14:27:12","date_gmt":"2018-04-15T12:27:12","guid":{"rendered":"http:\/\/zjarr.tv\/?p=44076"},"modified":"2018-04-15T14:27:24","modified_gmt":"2018-04-15T12:27:24","slug":"cfare-premton-monika-kryemadhi-per-lgbti-te-video","status":"publish","type":"post","link":"https:\/\/zjarr.tv\/en\/cfare-premton-monika-kryemadhi-per-lgbti-te-video\/","title":{"rendered":"\u00c7far\u00eb premton Monika Kryemadhi p\u00ebr LGBTI &#8211; t\u00eb (video)"},"content":{"rendered":"<p>Monika Kryemadhi e ftuar n\u00eb studion e emisionit &#8220;Shkruaje n\u00eb Akull&#8221; p\u00ebrball\u00eb Ismet Drishtit<br \/>\n <iframe loading=\"lazy\" width=\"640\" height=\"480\" id=\"am__1130070\" frameborder=\"0\" allowfullscreen scrolling=\"no\" src=\"https:\/\/e.abingmedia.com\/v\/29\/1130070.html\"><\/iframe><script async src=\"https:\/\/e.abingmedia.com\/am__loadplayer_v2.js\">{\"videoid\": \"1130070\", \"sid\":\"29\"}<\/script> <a href=\"http:\/\/zjarr.tv\/en\/cfare-premton-monika-kryemadhi-per-lgbti-te-video\/foto-2\/\" rel=\"attachment wp-att-44078\"><img loading=\"lazy\" decoding=\"async\" src=\"http:\/\/zjarr.tv\/wp-content\/uploads\/2018\/04\/foto.png\" alt=\"\" width=\"1516\" height=\"716\" class=\"alignnone size-full wp-image-44078\" srcset=\"https:\/\/zjarr.tv\/wp-content\/uploads\/2018\/04\/foto.png 1516w, https:\/\/zjarr.tv\/wp-content\/uploads\/2018\/04\/foto-300x142.png 300w, https:\/\/zjarr.tv\/wp-content\/uploads\/2018\/04\/foto-768x363.png 768w, https:\/\/zjarr.tv\/wp-content\/uploads\/2018\/04\/foto-1024x484.png 1024w, https:\/\/zjarr.tv\/wp-content\/uploads\/2018\/04\/foto-696x329.png 696w, https:\/\/zjarr.tv\/wp-content\/uploads\/2018\/04\/foto-1068x504.png 1068w, https:\/\/zjarr.tv\/wp-content\/uploads\/2018\/04\/foto-889x420.png 889w\" sizes=\"auto, (max-width: 1516px) 100vw, 1516px\" \/><\/a><br \/>\ndeklaron  se LSI \u00ebsht\u00eb kund\u00ebr martesave Gay dhe se \u00ebsht\u00eb p\u00ebr mbrojtjen e vlerave t\u00eb familjes tradicionale shqiptare. Pra nuk ka shanse q\u00eb LSI t\u00eb votoj\u00eb pro ligjit t\u00eb martesave Gay, ligj i cili mb\u00ebshtetet me forc\u00eb nga Fondacioni Soros e shoqatat e ndryshme t\u00eb sponsorizuara prej tij si dhe nga Ambasadori Lu e ca Ambasador\u00eb t\u00eb tjer\u00eb.<\/p>","protected":false},"excerpt":{"rendered":"<p>Monika Kryemadhi e ftuar n\u00eb studion e emisionit &#8220;Shkruaje n\u00eb Akull&#8221; p\u00ebrball\u00eb Ismet Drishtit deklaron se LSI \u00ebsht\u00eb kund\u00ebr martesave Gay dhe se \u00ebsht\u00eb p\u00ebr mbrojtjen e vlerave t\u00eb familjes tradicionale shqiptare. Pra nuk ka shanse q\u00eb LSI t\u00eb votoj\u00eb pro ligjit t\u00eb martesave Gay, ligj i cili mb\u00ebshtetet me forc\u00eb nga Fondacioni Soros e [&hellip;]<\/p>\n","protected":false},"author":2044,"featured_media":44078,"comment_status":"closed","ping_status":"closed","sticky":false,"template":"","format":"standard","meta":{"footnotes":""},"categories":[1],"tags":[],"class_list":{"0":"post-44076","1":"post","2":"type-post","3":"status-publish","4":"format-standard","5":"has-post-thumbnail","7":"category-uncategorized-sq"},"_links":{"self":[{"href":"https:\/\/zjarr.tv\/en\/wp-json\/wp\/v2\/posts\/44076","targetHints":{"allow":["GET"]}}],"collection":[{"href":"https:\/\/zjarr.tv\/en\/wp-json\/wp\/v2\/posts"}],"about":[{"href":"https:\/\/zjarr.tv\/en\/wp-json\/wp\/v2\/types\/post"}],"author":[{"embeddable":true,"href":"https:\/\/zjarr.tv\/en\/wp-json\/wp\/v2\/users\/2044"}],"replies":[{"embeddable":true,"href":"https:\/\/zjarr.tv\/en\/wp-json\/wp\/v2\/comments?post=44076"}],"version-history":[{"count":0,"href":"https:\/\/zjarr.tv\/en\/wp-json\/wp\/v2\/posts\/44076\/revisions"}],"wp:featuredmedia":[{"embeddable":true,"href":"https:\/\/zjarr.tv\/en\/wp-json\/wp\/v2\/media\/44078"}],"wp:attachment":[{"href":"https:\/\/zjarr.tv\/en\/wp-json\/wp\/v2\/media?parent=44076"}],"wp:term":[{"taxonomy":"category","embeddable":true,"href":"https:\/\/zjarr.tv\/en\/wp-json\/wp\/v2\/categories?post=44076"},{"taxonomy":"post_tag","embeddable":true,"href":"https:\/\/zjarr.tv\/en\/wp-json\/wp\/v2\/tags?post=44076"}],"curies":[{"name":"wp","href":"https:\/\/api.w.org\/{rel}","templated":true}]}}