{"id":44122,"date":"2018-04-16T14:07:29","date_gmt":"2018-04-16T12:07:29","guid":{"rendered":"http:\/\/zjarr.tv\/?p=44122"},"modified":"2018-04-16T14:07:29","modified_gmt":"2018-04-16T12:07:29","slug":"kapen-121-kilograme-droge-ne-kufi-ne-pranga-shqiptari-dhe-porositesi-i-mallit","status":"publish","type":"post","link":"https:\/\/zjarr.tv\/en\/kapen-121-kilograme-droge-ne-kufi-ne-pranga-shqiptari-dhe-porositesi-i-mallit\/","title":{"rendered":"Kapen 121 kilogram\u00eb drog\u00eb n\u00eb kufi, n\u00eb pranga shqiptari dhe porosit\u00ebsi i mallit"},"content":{"rendered":"<p>Nj\u00eb sasi prej 121 kilogram\u00ebsh marijuan\u00eb \u00ebsht\u00eb sekuestruar n\u00eb kufirin shqiptaro-grek.<\/p>\n<p>N\u00eb pranga ka r\u00ebn\u00eb 37-vje\u00e7ari shqiptar q\u00eb transportonte drog\u00ebn dhe nj\u00eb 50-vje\u00e7ar grek i cili do merrte sasin\u00eb e l\u00ebnd\u00ebs narkotike.<\/p>\n<p>Operacioni u zhvillua n\u00eb Igumenic\u00eb pasinformacioneve q\u00eb kishte policia greke.<\/p>\n<p>N\u00eb k\u00ebrkim \u00ebsht\u00eb shpallur edhe nj\u00eb shqiptar tjet\u00ebr i cili shoq\u00ebronte 37-vje\u00e7arin e arrestuar.<\/p>","protected":false},"excerpt":{"rendered":"<p>Nj\u00eb sasi prej 121 kilogram\u00ebsh marijuan\u00eb \u00ebsht\u00eb sekuestruar n\u00eb kufirin shqiptaro-grek. N\u00eb pranga ka r\u00ebn\u00eb 37-vje\u00e7ari shqiptar q\u00eb transportonte drog\u00ebn dhe nj\u00eb 50-vje\u00e7ar grek i cili do merrte sasin\u00eb e l\u00ebnd\u00ebs narkotike. Operacioni u zhvillua n\u00eb Igumenic\u00eb pasinformacioneve q\u00eb kishte policia greke. N\u00eb k\u00ebrkim \u00ebsht\u00eb shpallur edhe nj\u00eb shqiptar tjet\u00ebr i cili shoq\u00ebronte 37-vje\u00e7arin e [&hellip;]<\/p>\n","protected":false},"author":2044,"featured_media":0,"comment_status":"closed","ping_status":"closed","sticky":false,"template":"","format":"standard","meta":{"footnotes":""},"categories":[198,241,231,235],"tags":[],"class_list":{"0":"post-44122","1":"post","2":"type-post","3":"status-publish","4":"format-standard","6":"category-360-grade","7":"category-aktualitet","8":"category-lajme","9":"category-vendi"},"_links":{"self":[{"href":"https:\/\/zjarr.tv\/en\/wp-json\/wp\/v2\/posts\/44122","targetHints":{"allow":["GET"]}}],"collection":[{"href":"https:\/\/zjarr.tv\/en\/wp-json\/wp\/v2\/posts"}],"about":[{"href":"https:\/\/zjarr.tv\/en\/wp-json\/wp\/v2\/types\/post"}],"author":[{"embeddable":true,"href":"https:\/\/zjarr.tv\/en\/wp-json\/wp\/v2\/users\/2044"}],"replies":[{"embeddable":true,"href":"https:\/\/zjarr.tv\/en\/wp-json\/wp\/v2\/comments?post=44122"}],"version-history":[{"count":0,"href":"https:\/\/zjarr.tv\/en\/wp-json\/wp\/v2\/posts\/44122\/revisions"}],"wp:attachment":[{"href":"https:\/\/zjarr.tv\/en\/wp-json\/wp\/v2\/media?parent=44122"}],"wp:term":[{"taxonomy":"category","embeddable":true,"href":"https:\/\/zjarr.tv\/en\/wp-json\/wp\/v2\/categories?post=44122"},{"taxonomy":"post_tag","embeddable":true,"href":"https:\/\/zjarr.tv\/en\/wp-json\/wp\/v2\/tags?post=44122"}],"curies":[{"name":"wp","href":"https:\/\/api.w.org\/{rel}","templated":true}]}}