{"id":44160,"date":"2018-04-17T18:08:51","date_gmt":"2018-04-17T16:08:51","guid":{"rendered":"http:\/\/zjarr.tv\/?p=44160"},"modified":"2018-04-17T18:08:51","modified_gmt":"2018-04-17T16:08:51","slug":"vlahutin-i-dorezon-progres-raportin-metes-dhe-rucit","status":"publish","type":"post","link":"https:\/\/zjarr.tv\/en\/vlahutin-i-dorezon-progres-raportin-metes-dhe-rucit\/","title":{"rendered":"Vlahutin i dor\u00ebzon progres-raportin Met\u00ebs dhe Ru\u00e7it"},"content":{"rendered":"<p>Aasadorja e BE Romana Vlahutin i \u00ebsht\u00eb drejtuar tre institcioneve kryesore te vendit p\u00ebr dor\u00ebzimin e progres-raportit. Fillimisht ajo shkoi n\u00eb kryeministri, ku ia dor\u00ebzoi kryeministrit Rama, m\u00eb pas presidentit Ilir Met. Ambasadorja Romana Vlahutin p\u00ebrshkroi rrug\u00ebn n\u00eb k\u00ebmb\u00eb, nga Presidenca p\u00ebr n\u00eb Kryesin\u00eb e Kuvendit, ku edhe i dor\u00ebzoi k\u00ebt\u00eb raport edhe kryeparlamentarit Gramoz Ru\u00e7i. Presidenti Meta e cil\u00ebsoi si nj\u00eb akt inkurajues, t\u00eb shum\u00ebpritur dhe strategjik p\u00ebr t\u00eb ardhmen evropiane t\u00eb vendit. Presidenti e vler\u00ebsoi Komisionin si nj\u00eb mik t\u00eb \u00e7muar e t\u00eb pakursyer t\u00eb vendeve kandidate, duke u vet\u00ebd\u00ebshmuar nj\u00eb forc\u00eb e madhe t\u00ebrheq\u00ebse drejt zgjerimit t\u00eb m\u00ebtejsh\u00ebm t\u00eb BE-s\u00eb.\u00a0<em>&#8220;Duke e konsideruar raportin e progresit p\u00ebr Shqip\u00ebrin\u00eb n\u00eb harmoni t\u00eb plot\u00eb me strategjin\u00eb e zgjerimit q\u00eb synonte nj\u00eb perspektiv\u00eb t\u00eb besueshme dhe angazhim t\u00eb thelluar t\u00eb BE-s\u00eb n\u00eb Ballkanin Per\u00ebndimor, Kreu i Shtetit theksoi r\u00ebnd\u00ebsin\u00eb q\u00eb ka miratimi i k\u00ebsaj qasjeje dhe rekomandimit t\u00eb Komisionit nga K\u00ebshilli Evropian i qershorit, p\u00ebr t\u00eb nisur etap\u00ebn e re t\u00eb procesit t\u00eb negociatave t\u00eb an\u00ebtar\u00ebsimit&#8221;, t<\/em>huhet n\u00eb njoftimin e Presidenc\u00ebs. Presidenti Meta shprehu k\u00ebnaq\u00ebsin\u00eb q\u00eb ky raport dhe, posa\u00e7\u00ebrisht rekomandimi p\u00ebr \u00e7eljen e negociatave, i gjen t\u00eb gjith\u00eb aktor\u00ebt politik\u00eb, institucional\u00eb dhe qytetar\u00ebt shqiptar\u00eb t\u00eb bashkuar n\u00eb d\u00ebshir\u00ebn p\u00ebr t\u00eb p\u00ebrparuar sa m\u00eb shum\u00eb dhe sa m\u00eb par\u00eb drejt BE-s\u00eb, pa m\u00ebdyshje. Kreu i shtetit shprehu besimin se ky moment do t&#8217;i sh\u00ebrbej\u00eb nj\u00eb reflektimi t\u00eb thell\u00eb dhe serioz p\u00ebr p\u00ebrballjen e sfidave t\u00eb m\u00ebdha q\u00eb kemi p\u00ebrpara, p\u00ebr ta b\u00ebr\u00eb Shqip\u00ebrin\u00eb nj\u00eb vend evropian m\u00eb shpres\u00ebdh\u00ebn\u00ebs.<\/p>","protected":false},"excerpt":{"rendered":"<p>Aasadorja e BE Romana Vlahutin i \u00ebsht\u00eb drejtuar tre institcioneve kryesore te vendit p\u00ebr dor\u00ebzimin e progres-raportit. Fillimisht ajo shkoi n\u00eb kryeministri, ku ia dor\u00ebzoi kryeministrit Rama, m\u00eb pas presidentit Ilir Met. Ambasadorja Romana Vlahutin p\u00ebrshkroi rrug\u00ebn n\u00eb k\u00ebmb\u00eb, nga Presidenca p\u00ebr n\u00eb Kryesin\u00eb e Kuvendit, ku edhe i dor\u00ebzoi k\u00ebt\u00eb raport edhe kryeparlamentarit Gramoz [&hellip;]<\/p>\n","protected":false},"author":2044,"featured_media":0,"comment_status":"closed","ping_status":"closed","sticky":false,"template":"","format":"standard","meta":{"footnotes":""},"categories":[198,241,231,235],"tags":[],"class_list":{"0":"post-44160","1":"post","2":"type-post","3":"status-publish","4":"format-standard","6":"category-360-grade","7":"category-aktualitet","8":"category-lajme","9":"category-vendi"},"_links":{"self":[{"href":"https:\/\/zjarr.tv\/en\/wp-json\/wp\/v2\/posts\/44160","targetHints":{"allow":["GET"]}}],"collection":[{"href":"https:\/\/zjarr.tv\/en\/wp-json\/wp\/v2\/posts"}],"about":[{"href":"https:\/\/zjarr.tv\/en\/wp-json\/wp\/v2\/types\/post"}],"author":[{"embeddable":true,"href":"https:\/\/zjarr.tv\/en\/wp-json\/wp\/v2\/users\/2044"}],"replies":[{"embeddable":true,"href":"https:\/\/zjarr.tv\/en\/wp-json\/wp\/v2\/comments?post=44160"}],"version-history":[{"count":0,"href":"https:\/\/zjarr.tv\/en\/wp-json\/wp\/v2\/posts\/44160\/revisions"}],"wp:attachment":[{"href":"https:\/\/zjarr.tv\/en\/wp-json\/wp\/v2\/media?parent=44160"}],"wp:term":[{"taxonomy":"category","embeddable":true,"href":"https:\/\/zjarr.tv\/en\/wp-json\/wp\/v2\/categories?post=44160"},{"taxonomy":"post_tag","embeddable":true,"href":"https:\/\/zjarr.tv\/en\/wp-json\/wp\/v2\/tags?post=44160"}],"curies":[{"name":"wp","href":"https:\/\/api.w.org\/{rel}","templated":true}]}}