{"id":63179,"date":"2019-01-19T12:06:55","date_gmt":"2019-01-19T11:06:55","guid":{"rendered":"https:\/\/zjarr.tv\/?p=63179"},"modified":"2019-01-19T12:06:55","modified_gmt":"2019-01-19T11:06:55","slug":"policia-zbardh-detajet-ja-pse-dy-vellezerit-goditen-42-vjecarin-ne-fier","status":"publish","type":"post","link":"https:\/\/zjarr.tv\/en\/policia-zbardh-detajet-ja-pse-dy-vellezerit-goditen-42-vjecarin-ne-fier\/","title":{"rendered":"Policia zbardh detajet, ja pse dy v\u00ebllez\u00ebrit godit\u00ebn 42-vje\u00e7arin n\u00eb Fier"},"content":{"rendered":"<p>Policia ka zbardhur detajet e para n\u00eb lidhje me ngjarjen e masakrimit t\u00eb nj\u00eb 42-vje\u00e7ari n\u00eb Fier, nga dy v\u00ebllez\u00ebrit.<\/p>\n<p>M\u00ebsohet se konflikti mes tyre ka ndodhur pasi nj\u00eb dit\u00eb m\u00eb par\u00eb jasht\u00eb nj\u00eb lokali n\u00eb fshatin Pojan t\u00eb Fierit, i plagosuri ishte z\u00ebn\u00eb me babain e dy v\u00ebllez\u00ebrve q\u00eb ishte taksist.<\/p>\n<p>N\u00eb prangat e policis\u00eb p\u00ebrfundoi nj\u00eb i ri pasi n\u00eb bashk\u00ebpunim me v\u00ebllain e tij, goditi me sende t\u00eb forta nj\u00eb 42-vje\u00e7ar.<\/p>\n<p>Shtetasi Daniel Gj, 21-vje\u00e7 u arrestua n\u00eb flagranc\u00eb, nd\u00ebrsa v\u00ebllai i tij 27-vje\u00e7 \u00ebsht\u00eb shpallur n\u00eb k\u00ebrkim. T\u00eb dy godit\u00ebn p\u00ebr motive t\u00eb dob\u00ebta 42-vje\u00e7arin me iniciale E.A, i cili aktualisht ndodhet n\u00eb Spitalin e Traum\u00ebs n\u00eb Tiran\u00eb n\u00ebn kujdesin e mjek\u00ebve.<\/p>\n<p><strong>Njoftimi i Policis\u00eb<\/strong><\/p>\n<p><em>Specialist\u00ebt p\u00ebr Hetimin e Krimeve n\u00eb Komisariatin e Policis\u00eb Fier, arrestuan n\u00eb flagranc\u00eb shtetasin D. Gj., 21 vje\u00e7, si dhe po punohet p\u00ebr kapjen e v\u00ebllait t\u00eb tij 27 vje\u00e7ar pasi n\u00eb bashk\u00ebpunim me nj\u00ebri-tjetrin p\u00ebr motive t\u00eb dob\u00ebta kan\u00eb goditur me mjete t\u00eb forta shtetasin E. A., 42 vje\u00e7, i cili ndodhet n\u00eb Spitalin e Traum\u00ebs Tiran\u00eb n\u00ebn kujdesin e mjek\u00ebve.<\/em><\/p>\n<p><em>Materialet i kaluan Prokuroris\u00eb pran\u00eb Gjykat\u00ebs s\u00eb Shkall\u00ebs s\u00eb Par\u00eb Fier p\u00ebr vepr\u00ebn penale &#8220;D\u00ebmtime t\u00eb tjera me dashje&#8221; e kryer n\u00eb bashk\u00ebpunim parashikuar nga Nenet 89 e 25 t\u00eb Kodit Penal.<\/em><\/p>\n<p>&nbsp;<\/p>","protected":false},"excerpt":{"rendered":"<p>Policia ka zbardhur detajet e para n\u00eb lidhje me ngjarjen e masakrimit t\u00eb nj\u00eb 42-vje\u00e7ari n\u00eb Fier, nga dy v\u00ebllez\u00ebrit. M\u00ebsohet se konflikti mes tyre ka ndodhur pasi nj\u00eb dit\u00eb m\u00eb par\u00eb jasht\u00eb nj\u00eb lokali n\u00eb fshatin Pojan t\u00eb Fierit, i plagosuri ishte z\u00ebn\u00eb me babain e dy v\u00ebllez\u00ebrve q\u00eb ishte taksist. N\u00eb prangat e [&hellip;]<\/p>\n","protected":false},"author":13,"featured_media":63181,"comment_status":"open","ping_status":"closed","sticky":false,"template":"","format":"standard","meta":{"footnotes":""},"categories":[241,231,235],"tags":[],"class_list":{"0":"post-63179","1":"post","2":"type-post","3":"status-publish","4":"format-standard","5":"has-post-thumbnail","7":"category-aktualitet","8":"category-lajme","9":"category-vendi"},"_links":{"self":[{"href":"https:\/\/zjarr.tv\/en\/wp-json\/wp\/v2\/posts\/63179","targetHints":{"allow":["GET"]}}],"collection":[{"href":"https:\/\/zjarr.tv\/en\/wp-json\/wp\/v2\/posts"}],"about":[{"href":"https:\/\/zjarr.tv\/en\/wp-json\/wp\/v2\/types\/post"}],"author":[{"embeddable":true,"href":"https:\/\/zjarr.tv\/en\/wp-json\/wp\/v2\/users\/13"}],"replies":[{"embeddable":true,"href":"https:\/\/zjarr.tv\/en\/wp-json\/wp\/v2\/comments?post=63179"}],"version-history":[{"count":0,"href":"https:\/\/zjarr.tv\/en\/wp-json\/wp\/v2\/posts\/63179\/revisions"}],"wp:featuredmedia":[{"embeddable":true,"href":"https:\/\/zjarr.tv\/en\/wp-json\/wp\/v2\/media\/63181"}],"wp:attachment":[{"href":"https:\/\/zjarr.tv\/en\/wp-json\/wp\/v2\/media?parent=63179"}],"wp:term":[{"taxonomy":"category","embeddable":true,"href":"https:\/\/zjarr.tv\/en\/wp-json\/wp\/v2\/categories?post=63179"},{"taxonomy":"post_tag","embeddable":true,"href":"https:\/\/zjarr.tv\/en\/wp-json\/wp\/v2\/tags?post=63179"}],"curies":[{"name":"wp","href":"https:\/\/api.w.org\/{rel}","templated":true}]}}