{"id":64466,"date":"2019-01-24T12:08:43","date_gmt":"2019-01-24T11:08:43","guid":{"rendered":"https:\/\/zjarr.tv\/?p=64466"},"modified":"2019-01-24T12:08:43","modified_gmt":"2019-01-24T11:08:43","slug":"shqiperia-mbeshtet-shba-rama-njeh-juan-guaido-si-president-te-venezueles","status":"publish","type":"post","link":"https:\/\/zjarr.tv\/en\/shqiperia-mbeshtet-shba-rama-njeh-juan-guaido-si-president-te-venezueles\/","title":{"rendered":"Shqip\u00ebria mb\u00ebshtet SHBA, Rama njeh Juan Guaido si President t\u00eb Venezuel\u00ebs"},"content":{"rendered":"<p>Shqip\u00ebria i \u00ebsht\u00eb bashkuar q\u00ebndrimit t\u00eb Shteteve t\u00eb Bashkuara t\u00eb Amerik\u00ebs, duke njohur liderin e opozit\u00ebs Juan Guaid\u00f3 si Presidenti t\u00eb P\u00ebrkohsh\u00ebm t\u00eb Venezuel\u00ebs.<\/p>\n<p>N\u00eb nj\u00eb psotim n\u00eb twitter, kryeministri Edi Rama shkruan:<em>\u00a0\u201cN\u00eb em\u00ebr t\u00eb popullit t\u00eb \u00a0Shqip\u00ebris\u00eb d\u00ebshiroj q\u00eb Juan Guaid\u00f3 dhe venezuelan\u00ebt e guximsh\u00ebm t\u00eb ken\u00eb sukses n\u00eb triumfin ndaj paligjshm\u00ebris\u00eb q\u00eb e ka kthyer vendin n\u00eb ferr p\u00ebr popullin e vet\u201d.<\/em><\/p>\n<p>Zyrtar\u00ebt e SHBA po b\u00ebjn\u00eb thirrje p\u00ebr largimin e presidentit venezuelas Nicolas Maduro. Nd\u00ebrkoh\u00eb, Donald Trump njohu kreun e opozit\u00ebs s\u00eb Venezuel\u00ebs, Juan Guaido, si president t\u00eb p\u00ebrkohsh\u00ebm t\u00eb vendit, duke e rritur presionin ndaj presidentit Nicolas Maduro.<\/p>\n<p>N\u00eb nj\u00eb deklarat\u00eb, Presidenti Trump tha se do t\u00eb p\u00ebrdorte \u201cpesh\u00ebn e plot\u00eb t\u00eb fuqis\u00eb ekonomike dhe diplomatike t\u00eb Shteteve t\u00eb Bashkuara p\u00ebr t\u00eb b\u00ebr\u00eb trysni n\u00eb favor t\u00eb rivendosjes s\u00eb demokracis\u00eb venezueliane\u201d. Ai inkurajoi qeverit\u00eb e tjera n\u00eb hemisfer\u00ebn per\u00ebndimore q\u00eb edhe ato t\u00eb njohin zotin Guaido.<\/p>\n<p>Mijra protestues antiqeveritar\u00eb demonstruan n\u00eb rrug\u00ebt e Karakasit t\u00eb m\u00ebrkur\u00ebn, si pjes\u00eb e nj\u00eb proteste mbar\u00ebkomb\u00ebtare p\u00ebr t\u00eb rr\u00ebzuar presidentin Nicolas Maduro.<\/p>\n<p>&nbsp;<\/p>","protected":false},"excerpt":{"rendered":"<p>Shqip\u00ebria i \u00ebsht\u00eb bashkuar q\u00ebndrimit t\u00eb Shteteve t\u00eb Bashkuara t\u00eb Amerik\u00ebs, duke njohur liderin e opozit\u00ebs Juan Guaid\u00f3 si Presidenti t\u00eb P\u00ebrkohsh\u00ebm t\u00eb Venezuel\u00ebs. N\u00eb nj\u00eb psotim n\u00eb twitter, kryeministri Edi Rama shkruan:\u00a0\u201cN\u00eb em\u00ebr t\u00eb popullit t\u00eb \u00a0Shqip\u00ebris\u00eb d\u00ebshiroj q\u00eb Juan Guaid\u00f3 dhe venezuelan\u00ebt e guximsh\u00ebm t\u00eb ken\u00eb sukses n\u00eb triumfin ndaj paligjshm\u00ebris\u00eb q\u00eb e [&hellip;]<\/p>\n","protected":false},"author":4,"featured_media":64467,"comment_status":"open","ping_status":"closed","sticky":false,"template":"","format":"standard","meta":{"footnotes":""},"categories":[241,231,235],"tags":[],"class_list":{"0":"post-64466","1":"post","2":"type-post","3":"status-publish","4":"format-standard","5":"has-post-thumbnail","7":"category-aktualitet","8":"category-lajme","9":"category-vendi"},"_links":{"self":[{"href":"https:\/\/zjarr.tv\/en\/wp-json\/wp\/v2\/posts\/64466","targetHints":{"allow":["GET"]}}],"collection":[{"href":"https:\/\/zjarr.tv\/en\/wp-json\/wp\/v2\/posts"}],"about":[{"href":"https:\/\/zjarr.tv\/en\/wp-json\/wp\/v2\/types\/post"}],"author":[{"embeddable":true,"href":"https:\/\/zjarr.tv\/en\/wp-json\/wp\/v2\/users\/4"}],"replies":[{"embeddable":true,"href":"https:\/\/zjarr.tv\/en\/wp-json\/wp\/v2\/comments?post=64466"}],"version-history":[{"count":0,"href":"https:\/\/zjarr.tv\/en\/wp-json\/wp\/v2\/posts\/64466\/revisions"}],"wp:featuredmedia":[{"embeddable":true,"href":"https:\/\/zjarr.tv\/en\/wp-json\/wp\/v2\/media\/64467"}],"wp:attachment":[{"href":"https:\/\/zjarr.tv\/en\/wp-json\/wp\/v2\/media?parent=64466"}],"wp:term":[{"taxonomy":"category","embeddable":true,"href":"https:\/\/zjarr.tv\/en\/wp-json\/wp\/v2\/categories?post=64466"},{"taxonomy":"post_tag","embeddable":true,"href":"https:\/\/zjarr.tv\/en\/wp-json\/wp\/v2\/tags?post=64466"}],"curies":[{"name":"wp","href":"https:\/\/api.w.org\/{rel}","templated":true}]}}