{"id":64807,"date":"2019-01-25T11:27:17","date_gmt":"2019-01-25T10:27:17","guid":{"rendered":"https:\/\/zjarr.tv\/?p=64807"},"modified":"2019-01-25T11:27:17","modified_gmt":"2019-01-25T10:27:17","slug":"elbasan-ftoi-nje-vajze-per-kafe-dhe-me-pas-tentoi-ta-perdhunoje","status":"publish","type":"post","link":"https:\/\/zjarr.tv\/en\/elbasan-ftoi-nje-vajze-per-kafe-dhe-me-pas-tentoi-ta-perdhunoje\/","title":{"rendered":"Elbasan\/ Ftoi nj\u00eb vajz\u00eb p\u00ebr kafe dhe m\u00eb pas tentoi ta p\u00ebrdhunoj\u00eb"},"content":{"rendered":"<p>Nj\u00eb djal\u00eb i ri nga Elbasani, u vu n\u00eb prangat e policis\u00eb gjat\u00eb k\u00ebsaj t\u00eb m\u00ebrkure, i akuzuar p\u00ebr tentativ\u00eb p\u00ebrdhunimi ndaj nj\u00eb vajze.<\/p>\n<p>Ai \u00ebsht\u00eb 28-vje\u00e7ari Artur Barsani, i cili kishte dal\u00eb p\u00ebr kafe, p\u00ebr tu njohur me nj\u00eb vajz\u00eb 26 vje\u00e7e.<\/p>\n<p>Por pasi ishin ngritur nga kafja dhe kishin shkuar n\u00eb makin\u00ebn e tij, Barsani ka tentuar q\u00eb ta p\u00ebrdhunoj\u00eb t\u00eb ren\u00eb.<\/p>\n<p>N\u00eb saj\u00eb t\u00eb rezistenc\u00ebs, vajza ka mundur t\u00eb shp\u00ebtoj\u00eb, duke iu drejtuar policis\u00eb p\u00ebr denoncim.<\/p>\n<p>Kjo b\u00ebri q\u00eb 28-vje\u00e7ari t\u00eb arrestohet p\u00ebr vepr\u00ebn penale \u201cMarr\u00ebdh\u00ebnie seksuale me dhun\u00eb me t\u00eb rritura e mbetur n\u00eb tentative\u201d.<\/p>\n<p>Mir\u00ebpo gjat\u00eb marrjes n\u00eb pyetje ai ka th\u00ebn\u00eb se donte vet\u00ebm ta puthte vajz\u00ebn, me t\u00eb cil\u00ebn kishte synim q\u00eb t\u00eb lidhej<\/p>","protected":false},"excerpt":{"rendered":"<p>Nj\u00eb djal\u00eb i ri nga Elbasani, u vu n\u00eb prangat e policis\u00eb gjat\u00eb k\u00ebsaj t\u00eb m\u00ebrkure, i akuzuar p\u00ebr tentativ\u00eb p\u00ebrdhunimi ndaj nj\u00eb vajze. Ai \u00ebsht\u00eb 28-vje\u00e7ari Artur Barsani, i cili kishte dal\u00eb p\u00ebr kafe, p\u00ebr tu njohur me nj\u00eb vajz\u00eb 26 vje\u00e7e. Por pasi ishin ngritur nga kafja dhe kishin shkuar n\u00eb makin\u00ebn e [&hellip;]<\/p>\n","protected":false},"author":2020,"featured_media":64815,"comment_status":"open","ping_status":"closed","sticky":false,"template":"","format":"standard","meta":{"footnotes":""},"categories":[241,231,235],"tags":[],"class_list":{"0":"post-64807","1":"post","2":"type-post","3":"status-publish","4":"format-standard","5":"has-post-thumbnail","7":"category-aktualitet","8":"category-lajme","9":"category-vendi"},"_links":{"self":[{"href":"https:\/\/zjarr.tv\/en\/wp-json\/wp\/v2\/posts\/64807","targetHints":{"allow":["GET"]}}],"collection":[{"href":"https:\/\/zjarr.tv\/en\/wp-json\/wp\/v2\/posts"}],"about":[{"href":"https:\/\/zjarr.tv\/en\/wp-json\/wp\/v2\/types\/post"}],"author":[{"embeddable":true,"href":"https:\/\/zjarr.tv\/en\/wp-json\/wp\/v2\/users\/2020"}],"replies":[{"embeddable":true,"href":"https:\/\/zjarr.tv\/en\/wp-json\/wp\/v2\/comments?post=64807"}],"version-history":[{"count":0,"href":"https:\/\/zjarr.tv\/en\/wp-json\/wp\/v2\/posts\/64807\/revisions"}],"wp:featuredmedia":[{"embeddable":true,"href":"https:\/\/zjarr.tv\/en\/wp-json\/wp\/v2\/media\/64815"}],"wp:attachment":[{"href":"https:\/\/zjarr.tv\/en\/wp-json\/wp\/v2\/media?parent=64807"}],"wp:term":[{"taxonomy":"category","embeddable":true,"href":"https:\/\/zjarr.tv\/en\/wp-json\/wp\/v2\/categories?post=64807"},{"taxonomy":"post_tag","embeddable":true,"href":"https:\/\/zjarr.tv\/en\/wp-json\/wp\/v2\/tags?post=64807"}],"curies":[{"name":"wp","href":"https:\/\/api.w.org\/{rel}","templated":true}]}}