{"id":68118,"date":"2019-02-11T11:30:20","date_gmt":"2019-02-11T10:30:20","guid":{"rendered":"https:\/\/zjarr.tv\/?p=68118"},"modified":"2019-02-11T11:30:20","modified_gmt":"2019-02-11T10:30:20","slug":"dhunoi-mjekun-e-urgjences-policia-shpall-ne-kerkim-45-vjecarin","status":"publish","type":"post","link":"https:\/\/zjarr.tv\/en\/dhunoi-mjekun-e-urgjences-policia-shpall-ne-kerkim-45-vjecarin\/","title":{"rendered":"Dhunoi mjekun e urgjenc\u00ebs, policia shpall n\u00eb k\u00ebrkim 45-vje\u00e7arin"},"content":{"rendered":"<p style=\"background: white;margin: 0in 0in 7.5pt 0in\"><span style=\"font-family: 'Helvetica','sans-serif';color: #333333\">Policia e Tiran\u00ebs reagon lidhur me rastin e dhunimit t\u00eb nj\u00eb mjeku n\u00eb Urgjenc\u00ebn e Infektivit, n\u00eb Qendr\u00ebn Spitalore \u201cN\u00ebn\u00eb Tereza\u201d, pasditen e k\u00ebsaj t\u00eb diele.<\/span><\/p>\n<p style=\"background: white;margin: 0in 0in 7.5pt 0in\"><span style=\"font-family: 'Helvetica','sans-serif';color: #333333\">Uniformat blu kan\u00eb shpallur n\u00eb k\u00ebrkim 45 vje\u00e7ari, i cili dhunoi mjekun n\u00eb ambientet e urgjenc\u00ebs s\u00eb Spitalit Infektiv n\u00eb Tiran\u00eb.\u00a0<\/span><\/p>\n<p style=\"background: white;text-align: start;margin: 0in 0in 7.5pt 0in\"><span style=\"font-family: 'Helvetica','sans-serif';color: #333333\">Procedimi penal ka nisur ndaj shtetasit A.M 45 vje\u00e7 banues n\u00eb Tiran\u00eb.<\/span><\/p>\n<p style=\"background: white;text-align: start;margin: 0in 0in 7.5pt 0in\"><em><span style=\"font-family: 'Helvetica','sans-serif';color: #333333\">N\u00eb njoftimin e policis\u00eb thuhet se &#8220;Ky shtetas rreth or\u00ebs 13:30, t\u00eb dat\u00ebs 10.02.2019, pasi ka shkuar p\u00ebr t\u00eb vizituar nj\u00eb t\u00eb af\u00ebrmin e tij q\u00eb ndodhej \u00a0i shtruar n\u00eb \u00a0spital, n\u00eb ambientet e urgjenc\u00ebs s\u00eb Spitalit Infektiv, ka goditur me grusht p\u00ebr shkak t\u00eb detyr\u00ebs, mjekun e urgjenc\u00ebs.&#8221;<\/span><\/em><\/p>\n<p style=\"background: white;text-align: start;margin: 0in 0in 7.5pt 0in\"><span style=\"font-family: 'Helvetica','sans-serif';color: #333333\">45 vje\u00e7ari pasi kishte goditur mjekun ishte larguar nga spitali dhe po vijon puna nga ana e Policis\u00eb p\u00ebr gjetjen dhe ndalimin e tij.<\/span><\/p>\n<p style=\"background: white;text-align: start;margin: 0in 0in 7.5pt 0in\"><span style=\"font-family: 'Helvetica','sans-serif';color: #333333\">Materialet proceduriale i jan\u00eb p\u00ebrcjell\u00eb Prokuroris\u00eb s\u00eb Rrethit Gjyq\u00ebsor Tiran\u00eb p\u00ebr veprime t\u00eb m\u00ebtejshme.<\/span><\/p>","protected":false},"excerpt":{"rendered":"<p>Policia e Tiran\u00ebs reagon lidhur me rastin e dhunimit t\u00eb nj\u00eb mjeku n\u00eb Urgjenc\u00ebn e Infektivit, n\u00eb Qendr\u00ebn Spitalore \u201cN\u00ebn\u00eb Tereza\u201d, pasditen e k\u00ebsaj t\u00eb diele. Uniformat blu kan\u00eb shpallur n\u00eb k\u00ebrkim 45 vje\u00e7ari, i cili dhunoi mjekun n\u00eb ambientet e urgjenc\u00ebs s\u00eb Spitalit Infektiv n\u00eb Tiran\u00eb.\u00a0 Procedimi penal ka nisur ndaj shtetasit A.M 45 [&hellip;]<\/p>\n","protected":false},"author":4,"featured_media":68123,"comment_status":"open","ping_status":"closed","sticky":false,"template":"","format":"standard","meta":{"footnotes":""},"categories":[241,231,235],"tags":[],"class_list":{"0":"post-68118","1":"post","2":"type-post","3":"status-publish","4":"format-standard","5":"has-post-thumbnail","7":"category-aktualitet","8":"category-lajme","9":"category-vendi"},"_links":{"self":[{"href":"https:\/\/zjarr.tv\/en\/wp-json\/wp\/v2\/posts\/68118","targetHints":{"allow":["GET"]}}],"collection":[{"href":"https:\/\/zjarr.tv\/en\/wp-json\/wp\/v2\/posts"}],"about":[{"href":"https:\/\/zjarr.tv\/en\/wp-json\/wp\/v2\/types\/post"}],"author":[{"embeddable":true,"href":"https:\/\/zjarr.tv\/en\/wp-json\/wp\/v2\/users\/4"}],"replies":[{"embeddable":true,"href":"https:\/\/zjarr.tv\/en\/wp-json\/wp\/v2\/comments?post=68118"}],"version-history":[{"count":0,"href":"https:\/\/zjarr.tv\/en\/wp-json\/wp\/v2\/posts\/68118\/revisions"}],"wp:featuredmedia":[{"embeddable":true,"href":"https:\/\/zjarr.tv\/en\/wp-json\/wp\/v2\/media\/68123"}],"wp:attachment":[{"href":"https:\/\/zjarr.tv\/en\/wp-json\/wp\/v2\/media?parent=68118"}],"wp:term":[{"taxonomy":"category","embeddable":true,"href":"https:\/\/zjarr.tv\/en\/wp-json\/wp\/v2\/categories?post=68118"},{"taxonomy":"post_tag","embeddable":true,"href":"https:\/\/zjarr.tv\/en\/wp-json\/wp\/v2\/tags?post=68118"}],"curies":[{"name":"wp","href":"https:\/\/api.w.org\/{rel}","templated":true}]}}