{"id":68259,"date":"2019-02-12T14:49:10","date_gmt":"2019-02-12T13:49:10","guid":{"rendered":"https:\/\/zjarr.tv\/?p=68259"},"modified":"2019-02-12T14:49:10","modified_gmt":"2019-02-12T13:49:10","slug":"dw-mafia-shqiptare-dhe-kosovare-mes-grupeve-te-rrezikshme-ne-gjermani","status":"publish","type":"post","link":"https:\/\/zjarr.tv\/en\/dw-mafia-shqiptare-dhe-kosovare-mes-grupeve-te-rrezikshme-ne-gjermani\/","title":{"rendered":"DW: Mafia shqiptare dhe kosovare, mes grupeve t\u00eb rrezikshme n\u00eb Gjermani"},"content":{"rendered":"<p>Grupet kriminale shqiptare dhe kosovare renditen mes grupeve t\u00eb rrezikshme q\u00eb operojn\u00eb n\u00eb Gjermani.<\/p>\n<p>Deutsche Welles shkruan se ata jan\u00eb vendosur prej vitesh n\u00eb Gjermani, nd\u00ebrsa ministri i Brendsh\u00ebm i Rajonit t\u00eb Veriut t\u00ebrheq v\u00ebmendjen se ata nuk pranojn\u00eb ti n\u00ebnshtrohen ligjeve, por se kan\u00eb vendosur rregullat e tyre. Ai thekson se ka ardhur koha q\u00eb t\u00eb aplikohet parimi i toleranc\u00ebs zero. Ekspert\u00ebt flasin p\u00ebr 500 mij\u00eb persona, an\u00ebtar\u00eb t\u00eb grupeve pak a shum\u00eb aktive.<\/p>\n<p><em>&#8220;Ata kan\u00eb t\u00eb p\u00ebrbashk\u00ebt faktin se jan\u00eb n\u00ebnkultura q\u00eb pretendojn\u00eb sistemin e tyre t\u00eb normave dhe vlerave, duke refuzuar kategorikisht sistemin gjerman ligjor, duke u p\u00ebrpjekur t\u00eb imponojn\u00eb sistemin e tyre dhe t\u00eb jetojn\u00eb n\u00eb nj\u00ebr\u00ebn an\u00eb duke p\u00ebrdorur sistemet sociale gjermane dhe nga ana tjet\u00ebr , duke ruajtur nj\u00eb standard t\u00eb lart\u00eb jetese n\u00ebp\u00ebrmjet veprave penale &#8220;,<\/em>\u00a0shpjegoi Sebastian Fiedler, n\u00ebnkryetar federal i shoqat\u00ebs s\u00eb hetuesve kriminale gjerman\u00eb.<\/p>\n<p>K\u00ebto grupe jan\u00eb p\u00ebrgjegj\u00ebs p\u00ebr veprat penale nga trafiku i drog\u00ebs n\u00eb trafikun e arm\u00ebve, te pastrimi i parave deri te vjedhjet spektakolare.<\/p>\n<p>Ata b\u00ebjn\u00eb jet\u00eb luksi, madje paguajn\u00eb shuma t\u00eb konsiderueshme p\u00ebr avokat\u00ebt n\u00eb \u00e7\u00ebshtje t\u00eb ndryshme.<\/p>\n<p>Drejt\u00ebsia p\u00ebrballet me v\u00ebshtir\u00ebsi p\u00ebr goditjen e tyre, pasi kan\u00eb mb\u00ebshtetje n\u00eb komunitetet ku jetojn\u00eb.<\/p>\n<p>N\u00eb Nordrhein-Westfalen, mes viteve 2016 dhe 2018, u regjistruan m\u00eb shum\u00eb se 14 mij\u00eb krime.<\/p>","protected":false},"excerpt":{"rendered":"<p>Grupet kriminale shqiptare dhe kosovare renditen mes grupeve t\u00eb rrezikshme q\u00eb operojn\u00eb n\u00eb Gjermani. Deutsche Welles shkruan se ata jan\u00eb vendosur prej vitesh n\u00eb Gjermani, nd\u00ebrsa ministri i Brendsh\u00ebm i Rajonit t\u00eb Veriut t\u00ebrheq v\u00ebmendjen se ata nuk pranojn\u00eb ti n\u00ebnshtrohen ligjeve, por se kan\u00eb vendosur rregullat e tyre. Ai thekson se ka ardhur koha [&hellip;]<\/p>\n","protected":false},"author":4,"featured_media":0,"comment_status":"open","ping_status":"closed","sticky":false,"template":"","format":"standard","meta":{"footnotes":""},"categories":[241,231,235],"tags":[],"class_list":{"0":"post-68259","1":"post","2":"type-post","3":"status-publish","4":"format-standard","6":"category-aktualitet","7":"category-lajme","8":"category-vendi"},"_links":{"self":[{"href":"https:\/\/zjarr.tv\/en\/wp-json\/wp\/v2\/posts\/68259","targetHints":{"allow":["GET"]}}],"collection":[{"href":"https:\/\/zjarr.tv\/en\/wp-json\/wp\/v2\/posts"}],"about":[{"href":"https:\/\/zjarr.tv\/en\/wp-json\/wp\/v2\/types\/post"}],"author":[{"embeddable":true,"href":"https:\/\/zjarr.tv\/en\/wp-json\/wp\/v2\/users\/4"}],"replies":[{"embeddable":true,"href":"https:\/\/zjarr.tv\/en\/wp-json\/wp\/v2\/comments?post=68259"}],"version-history":[{"count":0,"href":"https:\/\/zjarr.tv\/en\/wp-json\/wp\/v2\/posts\/68259\/revisions"}],"wp:attachment":[{"href":"https:\/\/zjarr.tv\/en\/wp-json\/wp\/v2\/media?parent=68259"}],"wp:term":[{"taxonomy":"category","embeddable":true,"href":"https:\/\/zjarr.tv\/en\/wp-json\/wp\/v2\/categories?post=68259"},{"taxonomy":"post_tag","embeddable":true,"href":"https:\/\/zjarr.tv\/en\/wp-json\/wp\/v2\/tags?post=68259"}],"curies":[{"name":"wp","href":"https:\/\/api.w.org\/{rel}","templated":true}]}}